{"id":2017,"date":"2019-07-16T01:47:36","date_gmt":"2019-07-16T00:47:36","guid":{"rendered":"http:\/\/www.mco.ma\/?p=2017"},"modified":"2019-07-16T01:47:37","modified_gmt":"2019-07-16T00:47:37","slug":"tour-de-france-letape-morocco-by-tour-de-france-une-premiere-cyclosportive-sur-le-continent-africain","status":"publish","type":"post","link":"https:\/\/mco.ma\/?p=2017","title":{"rendered":"TOUR DE FRANCE: \u201cL\u2019\u00c9tape Morocco by Tour de France\u201d une premi\u00e8re cyclosportive sur le continent africain"},"content":{"rendered":"\n<pre class=\"wp-block-code\"><code>Une premi\u00e8re sur le Sol Africain ; \u00ab l\u2019\u00c9tape Morocco by Tour de France \u00bb sera organis\u00e9e \u00e0 Marrakech les 19 et 20 octobre 2019 prochain et permettra aux amoureux de la \u00ab petite reine \u00bb de d\u00e9couvrir l\u2019arri\u00e8re paysage paradisiaque de la haute montagne pas trop loin  de la ville Ocre de Marrakech.\nAinsi donc, le Maroc accueillera la premi\u00e8re \u00e9dition de \u00ab l\u2019\u00c9tape Morocco by Tour de France \u00bb sur le continent africain avec la volont\u00e9 de contribuer au d\u00e9veloppement du sport populaire \u00e0 v\u00e9lo, de redonner \u00e0 la \u00ab petite reine \u00bb ses lettres de noblesse et d\u2019ouvrir, de surcroit, de nouvelles perspectives d\u2019avenir pour le cyclisme dans le Royaume et offrir ainsi ; une exp\u00e9rience unique \u00e0 tous les participants et aux r\u00e9gions et villes h\u00f4tes.\nSelon Christian Prudhomme, directeur du Tour de France, lors de la pr\u00e9sentation du circuit du Tour de France 2019 ; \u00ab Le Tour de France est la plus grande course cycliste au monde. Chaque ann\u00e9e, il est suivi avec passion par les fans du monde entier, ce qui a naturellement donn\u00e9 naissance \u00e0 la s\u00e9rie l\u2019\u00c9tape by Le Tour de France \u00bb. \nRouler dans les m\u00eames conditions que les champions du Tour de France, telle est la promesse gageure que l\u2019\u00c9tape by Tour de France tient depuis 1993, avec tous les ingr\u00e9dients propres \u00e0 la Grande Boucle incluant une course avec les champions du Tour de France, un itin\u00e9raire con\u00e7u par des experts du Tour, un haut niveau de s\u00e9curit\u00e9 et d\u2019assistance, un syst\u00e8me de chronom\u00e9trage et classifications globales et des d\u00e9fis \u201cKing of Mountain\u201d et \u201cSprint\u201d.\nSelon ses organisateurs, L'\u00c9tape Morocco By Tour de France est le seul \u00e9v\u00e9nement cyclosportif au monde permettant aux sportifs cyclistes Marocains et Internationaux de courir, de se sentir et de se mettre dans la peau et dans les m\u00eames conditions, le temps d\u2019une journ\u00e9e, d\u2019un champion du tour de France.\nL\u2019\u00e9tape englobe aussi une exposition sur le Tour de France, un festival du cyclisme avec sponsors et exposants, une exp\u00e9rience de la culture Marocaine, d\u00e9voile l\u2019organisateur de cette \u00c9tape MOROCCO ALL RACES (bas\u00e9 \u00e0 Marrakech) en collaboration avec A.S.O (Amaury Sport Organisation) organisateur du tour de France, la r\u00e9f\u00e9rence mondiale du cyclisme ainsi que la F\u00e9d\u00e9ration Royal Marocaine de Cyclisme.\n  \u00ab Notre souhait est de promouvoir la pratique du v\u00e9lo dans un but d\u2019int\u00e9gration sociale. Le v\u00e9lo aide les populations locales \u00e0 avancer dans un environnement sain. \n Notre engagement en mati\u00e8re de RSE (responsabilit\u00e9 sociale de l\u2019Enterprise) consiste \u00e0 soutenir la transition mondiale vers une mobilit\u00e9 douce et durable, \u00e0 promouvoir un cyclisme bon pour l'environnement, pour les villes, pour les jeunes et pour le bien-\u00eatre, \u00e0 soutenir cette envie de promotion du sport pour tous et de faciliter l\u2019acc\u00e8s au v\u00e9lo\u2026 \u00bb Ajoute-t-on.\n Ouverte aux Hommes et Femmes de tous \u00e2ges \u00e0 partir de 18 ans, passionn\u00e9s ou non du v\u00e9lo, l\u2019Etape programme, dimanche 20 octobre, quatre distances de 155Km, 122Km, 80Km et 40Km avec un d\u00e9part de la plus longue \u00e0 6H30 suivi respectivement \u00e0 intervalle r\u00e9gulier de 30 minutes des trois autres.\n De m\u00eame ; pr\u00e9cise-t-on ; le village de l'\u00c9tape du Tour Morocco dans la cit\u00e9 ocre, r\u00e9put\u00e9e par son paysage plat et un climat doux favorables aux deux roues \u00e0 des fins de mobilit\u00e9, c\u00e9l\u00e8brera la passion cycliste avec un cocktail d\u2019animations gratuites. \n Quel que soit l\u2019\u00e2ge, de 3 \u00e0 99 ans, il y en aura pour tous les go\u00fbts, l\u2019occasion de passer un moment convivial entre amis ou en famille.\n Plusieurs exposants pr\u00e9senteront leurs gammes de produits durant ces trois jours d'animations sportives et de d\u00e9couvertes gourmandes. Une immersion totale dans l'ambiance, dans le d\u00e9cor du Tour de France.\n                                                                          Mohammed Drihem<\/code><\/pre>\n","protected":false},"excerpt":{"rendered":"<p>Une premi\u00e8re sur le Sol Africain ; \u00ab l\u2019\u00c9tape Morocco by Tour de France \u00bb sera organis\u00e9e \u00e0 Marrakech les 19 et 20 octobre 2019 prochain et permettra aux amoureux de la \u00ab petite reine \u00bb de d\u00e9couvrir l\u2019arri\u00e8re paysage paradisiaque de la haute montagne pas trop loin de la ville Ocre de Marrakech. Ainsi &hellip;<\/p>\n","protected":false},"author":2,"featured_media":2018,"comment_status":"open","ping_status":"open","sticky":false,"template":"","format":"standard","meta":{"_bbp_topic_count":0,"_bbp_reply_count":0,"_bbp_total_topic_count":0,"_bbp_total_reply_count":0,"_bbp_voice_count":0,"_bbp_anonymous_reply_count":0,"_bbp_topic_count_hidden":0,"_bbp_reply_count_hidden":0,"_bbp_forum_subforum_count":0,"_wp_rev_ctl_limit":""},"categories":[28,17,20,25],"tags":[],"yoast_head":"<!-- This site is optimized with the Yoast SEO plugin v19.13 - https:\/\/yoast.com\/wordpress\/plugins\/seo\/ -->\n<title>TOUR DE FRANCE: \u201cL\u2019\u00c9tape Morocco by Tour de France\u201d une premi\u00e8re cyclosportive sur le continent africain - \u0645\u064a\u062f\u064a\u0627 \u0643\u0648\u0645 - \u062c\u0631\u064a\u062f\u0629 \u0625\u0644\u0643\u062a\u0631\u0648\u0646\u064a\u0629<\/title>\n<meta name=\"robots\" content=\"index, follow, max-snippet:-1, max-image-preview:large, max-video-preview:-1\" \/>\n<link rel=\"canonical\" href=\"https:\/\/mco.ma\/?p=2017\" \/>\n<meta property=\"og:locale\" content=\"ar_AR\" \/>\n<meta property=\"og:type\" content=\"article\" \/>\n<meta property=\"og:title\" content=\"TOUR DE FRANCE: \u201cL\u2019\u00c9tape Morocco by Tour de France\u201d une premi\u00e8re cyclosportive sur le continent africain - \u0645\u064a\u062f\u064a\u0627 \u0643\u0648\u0645 - \u062c\u0631\u064a\u062f\u0629 \u0625\u0644\u0643\u062a\u0631\u0648\u0646\u064a\u0629\" \/>\n<meta property=\"og:description\" content=\"Une premi\u00e8re sur le Sol Africain ; \u00ab l\u2019\u00c9tape Morocco by Tour de France \u00bb sera organis\u00e9e \u00e0 Marrakech les 19 et 20 octobre 2019 prochain et permettra aux amoureux de la \u00ab petite reine \u00bb de d\u00e9couvrir l\u2019arri\u00e8re paysage paradisiaque de la haute montagne pas trop loin de la ville Ocre de Marrakech. Ainsi &hellip;\" \/>\n<meta property=\"og:url\" content=\"https:\/\/mco.ma\/?p=2017\" \/>\n<meta property=\"og:site_name\" content=\"\u0645\u064a\u062f\u064a\u0627 \u0643\u0648\u0645 - \u062c\u0631\u064a\u062f\u0629 \u0625\u0644\u0643\u062a\u0631\u0648\u0646\u064a\u0629\" \/>\n<meta property=\"article:published_time\" content=\"2019-07-16T00:47:36+00:00\" \/>\n<meta property=\"article:modified_time\" content=\"2019-07-16T00:47:37+00:00\" \/>\n<meta property=\"og:image\" content=\"https:\/\/mco.ma\/wp-content\/uploads\/2019\/07\/etape_marocaine.jpg\" \/>\n\t<meta property=\"og:image:width\" content=\"600\" \/>\n\t<meta property=\"og:image:height\" content=\"800\" \/>\n\t<meta property=\"og:image:type\" content=\"image\/jpeg\" \/>\n<meta name=\"author\" content=\"ADMIN MCO\" \/>\n<meta name=\"twitter:card\" content=\"summary_large_image\" \/>\n<meta name=\"twitter:label1\" content=\"\u0643\u064f\u062a\u0628 \u0628\u0648\u0627\u0633\u0637\u0629\" \/>\n\t<meta name=\"twitter:data1\" content=\"ADMIN MCO\" \/>\n\t<meta name=\"twitter:label2\" content=\"\u0648\u0642\u062a \u0627\u0644\u0642\u0631\u0627\u0621\u0629 \u0627\u0644\u0645\u064f\u0642\u062f\u0651\u0631\" \/>\n\t<meta name=\"twitter:data2\" content=\"3 \u062f\u0642\u0627\u0626\u0642\" \/>\n<script type=\"application\/ld+json\" class=\"yoast-schema-graph\">{\"@context\":\"https:\/\/schema.org\",\"@graph\":[{\"@type\":\"WebPage\",\"@id\":\"https:\/\/mco.ma\/?p=2017\",\"url\":\"https:\/\/mco.ma\/?p=2017\",\"name\":\"TOUR DE FRANCE: \u201cL\u2019\u00c9tape Morocco by Tour de France\u201d une premi\u00e8re cyclosportive sur le continent africain - \u0645\u064a\u062f\u064a\u0627 \u0643\u0648\u0645 - \u062c\u0631\u064a\u062f\u0629 \u0625\u0644\u0643\u062a\u0631\u0648\u0646\u064a\u0629\",\"isPartOf\":{\"@id\":\"https:\/\/mco.ma\/#website\"},\"datePublished\":\"2019-07-16T00:47:36+00:00\",\"dateModified\":\"2019-07-16T00:47:37+00:00\",\"author\":{\"@id\":\"https:\/\/mco.ma\/#\/schema\/person\/8aee0076b9220496e683a61369a0b0e8\"},\"breadcrumb\":{\"@id\":\"https:\/\/mco.ma\/?p=2017#breadcrumb\"},\"inLanguage\":\"ar\",\"potentialAction\":[{\"@type\":\"ReadAction\",\"target\":[\"https:\/\/mco.ma\/?p=2017\"]}]},{\"@type\":\"BreadcrumbList\",\"@id\":\"https:\/\/mco.ma\/?p=2017#breadcrumb\",\"itemListElement\":[{\"@type\":\"ListItem\",\"position\":1,\"name\":\"Home\",\"item\":\"https:\/\/mco.ma\/\"},{\"@type\":\"ListItem\",\"position\":2,\"name\":\"TOUR DE FRANCE: \u201cL\u2019\u00c9tape Morocco by Tour de France\u201d une premi\u00e8re cyclosportive sur le continent africain\"}]},{\"@type\":\"WebSite\",\"@id\":\"https:\/\/mco.ma\/#website\",\"url\":\"https:\/\/mco.ma\/\",\"name\":\"\u0645\u064a\u062f\u064a\u0627 \u0643\u0648\u0645 - \u062c\u0631\u064a\u062f\u0629 \u0625\u0644\u0643\u062a\u0631\u0648\u0646\u064a\u0629\",\"description\":\"\u0645\u064a\u062f\u064a\u0627 \u0643\u0648\u0645 ... \u062c\u0631\u064a\u062f\u0629 \u0625\u0644\u0643\u062a\u0631\u0648\u0646\u064a\u0629 ... \u0634\u0627\u0645\u0644\u0629\",\"potentialAction\":[{\"@type\":\"SearchAction\",\"target\":{\"@type\":\"EntryPoint\",\"urlTemplate\":\"https:\/\/mco.ma\/?s={search_term_string}\"},\"query-input\":\"required name=search_term_string\"}],\"inLanguage\":\"ar\"},{\"@type\":\"Person\",\"@id\":\"https:\/\/mco.ma\/#\/schema\/person\/8aee0076b9220496e683a61369a0b0e8\",\"name\":\"ADMIN MCO\",\"image\":{\"@type\":\"ImageObject\",\"inLanguage\":\"ar\",\"@id\":\"https:\/\/mco.ma\/#\/schema\/person\/image\/\",\"url\":\"https:\/\/secure.gravatar.com\/avatar\/3f01521dc8f825244d98e8be22bf5598?s=96&d=mm&r=g\",\"contentUrl\":\"https:\/\/secure.gravatar.com\/avatar\/3f01521dc8f825244d98e8be22bf5598?s=96&d=mm&r=g\",\"caption\":\"ADMIN MCO\"},\"url\":\"https:\/\/mco.ma\/?author=2\"}]}<\/script>\n<!-- \/ Yoast SEO plugin. -->","yoast_head_json":{"title":"TOUR DE FRANCE: \u201cL\u2019\u00c9tape Morocco by Tour de France\u201d une premi\u00e8re cyclosportive sur le continent africain - \u0645\u064a\u062f\u064a\u0627 \u0643\u0648\u0645 - \u062c\u0631\u064a\u062f\u0629 \u0625\u0644\u0643\u062a\u0631\u0648\u0646\u064a\u0629","robots":{"index":"index","follow":"follow","max-snippet":"max-snippet:-1","max-image-preview":"max-image-preview:large","max-video-preview":"max-video-preview:-1"},"canonical":"https:\/\/mco.ma\/?p=2017","og_locale":"ar_AR","og_type":"article","og_title":"TOUR DE FRANCE: \u201cL\u2019\u00c9tape Morocco by Tour de France\u201d une premi\u00e8re cyclosportive sur le continent africain - \u0645\u064a\u062f\u064a\u0627 \u0643\u0648\u0645 - \u062c\u0631\u064a\u062f\u0629 \u0625\u0644\u0643\u062a\u0631\u0648\u0646\u064a\u0629","og_description":"Une premi\u00e8re sur le Sol Africain ; \u00ab l\u2019\u00c9tape Morocco by Tour de France \u00bb sera organis\u00e9e \u00e0 Marrakech les 19 et 20 octobre 2019 prochain et permettra aux amoureux de la \u00ab petite reine \u00bb de d\u00e9couvrir l\u2019arri\u00e8re paysage paradisiaque de la haute montagne pas trop loin de la ville Ocre de Marrakech. Ainsi &hellip;","og_url":"https:\/\/mco.ma\/?p=2017","og_site_name":"\u0645\u064a\u062f\u064a\u0627 \u0643\u0648\u0645 - \u062c\u0631\u064a\u062f\u0629 \u0625\u0644\u0643\u062a\u0631\u0648\u0646\u064a\u0629","article_published_time":"2019-07-16T00:47:36+00:00","article_modified_time":"2019-07-16T00:47:37+00:00","og_image":[{"width":600,"height":800,"url":"https:\/\/mco.ma\/wp-content\/uploads\/2019\/07\/etape_marocaine.jpg","type":"image\/jpeg"}],"author":"ADMIN MCO","twitter_card":"summary_large_image","twitter_misc":{"\u0643\u064f\u062a\u0628 \u0628\u0648\u0627\u0633\u0637\u0629":"ADMIN MCO","\u0648\u0642\u062a \u0627\u0644\u0642\u0631\u0627\u0621\u0629 \u0627\u0644\u0645\u064f\u0642\u062f\u0651\u0631":"3 \u062f\u0642\u0627\u0626\u0642"},"schema":{"@context":"https:\/\/schema.org","@graph":[{"@type":"WebPage","@id":"https:\/\/mco.ma\/?p=2017","url":"https:\/\/mco.ma\/?p=2017","name":"TOUR DE FRANCE: \u201cL\u2019\u00c9tape Morocco by Tour de France\u201d une premi\u00e8re cyclosportive sur le continent africain - \u0645\u064a\u062f\u064a\u0627 \u0643\u0648\u0645 - \u062c\u0631\u064a\u062f\u0629 \u0625\u0644\u0643\u062a\u0631\u0648\u0646\u064a\u0629","isPartOf":{"@id":"https:\/\/mco.ma\/#website"},"datePublished":"2019-07-16T00:47:36+00:00","dateModified":"2019-07-16T00:47:37+00:00","author":{"@id":"https:\/\/mco.ma\/#\/schema\/person\/8aee0076b9220496e683a61369a0b0e8"},"breadcrumb":{"@id":"https:\/\/mco.ma\/?p=2017#breadcrumb"},"inLanguage":"ar","potentialAction":[{"@type":"ReadAction","target":["https:\/\/mco.ma\/?p=2017"]}]},{"@type":"BreadcrumbList","@id":"https:\/\/mco.ma\/?p=2017#breadcrumb","itemListElement":[{"@type":"ListItem","position":1,"name":"Home","item":"https:\/\/mco.ma\/"},{"@type":"ListItem","position":2,"name":"TOUR DE FRANCE: \u201cL\u2019\u00c9tape Morocco by Tour de France\u201d une premi\u00e8re cyclosportive sur le continent africain"}]},{"@type":"WebSite","@id":"https:\/\/mco.ma\/#website","url":"https:\/\/mco.ma\/","name":"\u0645\u064a\u062f\u064a\u0627 \u0643\u0648\u0645 - \u062c\u0631\u064a\u062f\u0629 \u0625\u0644\u0643\u062a\u0631\u0648\u0646\u064a\u0629","description":"\u0645\u064a\u062f\u064a\u0627 \u0643\u0648\u0645 ... \u062c\u0631\u064a\u062f\u0629 \u0625\u0644\u0643\u062a\u0631\u0648\u0646\u064a\u0629 ... \u0634\u0627\u0645\u0644\u0629","potentialAction":[{"@type":"SearchAction","target":{"@type":"EntryPoint","urlTemplate":"https:\/\/mco.ma\/?s={search_term_string}"},"query-input":"required name=search_term_string"}],"inLanguage":"ar"},{"@type":"Person","@id":"https:\/\/mco.ma\/#\/schema\/person\/8aee0076b9220496e683a61369a0b0e8","name":"ADMIN MCO","image":{"@type":"ImageObject","inLanguage":"ar","@id":"https:\/\/mco.ma\/#\/schema\/person\/image\/","url":"https:\/\/secure.gravatar.com\/avatar\/3f01521dc8f825244d98e8be22bf5598?s=96&d=mm&r=g","contentUrl":"https:\/\/secure.gravatar.com\/avatar\/3f01521dc8f825244d98e8be22bf5598?s=96&d=mm&r=g","caption":"ADMIN MCO"},"url":"https:\/\/mco.ma\/?author=2"}]}},"amp_enabled":true,"_links":{"self":[{"href":"https:\/\/mco.ma\/index.php?rest_route=\/wp\/v2\/posts\/2017"}],"collection":[{"href":"https:\/\/mco.ma\/index.php?rest_route=\/wp\/v2\/posts"}],"about":[{"href":"https:\/\/mco.ma\/index.php?rest_route=\/wp\/v2\/types\/post"}],"author":[{"embeddable":true,"href":"https:\/\/mco.ma\/index.php?rest_route=\/wp\/v2\/users\/2"}],"replies":[{"embeddable":true,"href":"https:\/\/mco.ma\/index.php?rest_route=%2Fwp%2Fv2%2Fcomments&post=2017"}],"version-history":[{"count":1,"href":"https:\/\/mco.ma\/index.php?rest_route=\/wp\/v2\/posts\/2017\/revisions"}],"predecessor-version":[{"id":2019,"href":"https:\/\/mco.ma\/index.php?rest_route=\/wp\/v2\/posts\/2017\/revisions\/2019"}],"wp:featuredmedia":[{"embeddable":true,"href":"https:\/\/mco.ma\/index.php?rest_route=\/wp\/v2\/media\/2018"}],"wp:attachment":[{"href":"https:\/\/mco.ma\/index.php?rest_route=%2Fwp%2Fv2%2Fmedia&parent=2017"}],"wp:term":[{"taxonomy":"category","embeddable":true,"href":"https:\/\/mco.ma\/index.php?rest_route=%2Fwp%2Fv2%2Fcategories&post=2017"},{"taxonomy":"post_tag","embeddable":true,"href":"https:\/\/mco.ma\/index.php?rest_route=%2Fwp%2Fv2%2Ftags&post=2017"}],"curies":[{"name":"wp","href":"https:\/\/api.w.org\/{rel}","templated":true}]}}