{"id":2120,"date":"2019-10-08T01:14:58","date_gmt":"2019-10-08T00:14:58","guid":{"rendered":"http:\/\/www.mco.ma\/?p=2120"},"modified":"2019-10-08T01:15:00","modified_gmt":"2019-10-08T00:15:00","slug":"les-traillers-brahim-khalyafah-et-aziza-raji-emportent-la-5eme-edition-du-trail-international-de-latlas-central-danergui","status":"publish","type":"post","link":"https:\/\/mco.ma\/?p=2120","title":{"rendered":"LES TRAILLERS BRAHIM KHALYAFAH ET AZIZA RAJI EMPORTENT LA 5\u00e8me EDITION DU TRAIL INTERNATIONAL DE L\u2019ATLAS CENTRAL D\u2019ANERGUI"},"content":{"rendered":"\n<pre class=\"wp-block-code\"><code>Comme annonc\u00e9 en son temps ; Le Club \u201cANERGUI DREAM TEAM\u201d en partenariat avec le conseil R\u00e9gional de B\u00e9ni Mellal\/Kh\u00e9nifra, le conseil Provincial d\u2019Azilal, le conseil de la collectivit\u00e9 territoriale d\u2019Anergui et le G\u00e9o parc M\u2019Goun a organis\u00e9 Dimanche 06 octobre dernier la 5\u00e8me \u00e9dition du \u00ab Trail International de l\u2019Atlas Central \u00bb dans la localit\u00e9 d\u2019Anergui relevant de la province d\u2019Azilal.\n Une trentaine de traillers hommes et femmes venant de diff\u00e9rentes r\u00e9gions du Royaume du Maroc et notamment d\u2019Espagne et de France ont particip\u00e9 \u00e0 cette nouvelle \u00e9dition du Trail International de l\u2019Atlas Central et parcouru la distance des 35km du Trail dont le circuit traversant pistes et sentiers battus de la vall\u00e9e d\u2019Anergui et Assif Malloul a \u00e9t\u00e9 trac\u00e9 par Abdelkader Al Mouaziz Abdelkader l\u2019athl\u00e8te marocain,  sp\u00e9cialiste des courses de fond, et notamment du marathon champion  \u00e0 deux reprises du Marathon de Londres, en 1999 et 2001 et de New-York en 2000.\n Parall\u00e8lement au Trail, les organisateurs ont organis\u00e9 une course a pied au profit des jeunes enfants du Village en guise d\u2019encouragement et d\u2019Initiation aux Trails de haut niveau.  \n La premi\u00e8re place au podium de cette \u00e9dition chez les hommes est revenu au trailler Brahim Khalyafah qui a pulveris\u00e9 les 35 kms en 02h53mn24 suivi de Said Amnay class\u00e9 second avec un chrono de 03h00mn19 et de Elyazid Imghrabne \u00e0 la troisi\u00e8me marche du podium en r\u00e9alisant un chrono de 03h01mn06.\n Chez les Dames, la premi\u00e8re marche du podium est revenu la traillere Aziza Rajji ex aequo avec Aziza Ameani en parcourant toutes les deux ; la distance des 35kms en 04h37mn07 suivies de Hayat Ahammich avec 04h51mn20 et de la fran\u00e7aise H. Dumant arriv\u00e9e quatri\u00e8me avec un chrono de 05h09mn59.\n  La c\u00e9r\u00e9monie de remises des prix et des m\u00e9dailles s\u2019est d\u00e9roul\u00e9e dans une ambiance festive et une atmosph\u00e8re bon enfant en pr\u00e9sence des autorit\u00e9s locales et communales, du Pr\u00e9sident du Club \u201cANERGUI DREAM TEAM\u201d l\u2019organisateur, Mr El Habib Siassi et du Directeur de Course Mr Abdelkader El Mouaziz.\n  A souligner que la belle R\u00e9gion Montagneuse d\u2019Anergui et sa vall\u00e9e d\u2019Assif Melloul offre aux visiteurs la possibilit\u00e9 de fl\u00e2ner sans inqui\u00e9tude \u00e0 la d\u00e9couverte des diff\u00e9rents villages traditionnels de la vall\u00e9e et profiter de la fra\u00eecheur de la rivi\u00e8re aux heures les plus chaudes pour une agr\u00e9able baignade et surtout, la d\u00e9couverte des nombreuses balades et excursions \u00e0 pied ou \u00e0 dos de mulet possibles au d\u00e9part de la vall\u00e9e pour aller \u00e0 la d\u00e9couverte des gorges de l\u2019Assif Melloul, des sommets et plateaux voisins et des villages aux alentours.\n Situ\u00e9e \u00e0 320kms de Marrakech, la vall\u00e9e d\u2019Anergui est une vall\u00e9e de l\u2019Atlas marocain, travers\u00e9e par l\u2019Assif Melloul et ses gorges impressionnantes qui s\u00e9parent le Haut Atlas du Moyen Atlas.<\/code><\/pre>\n\n\n\n<p>Isol\u00e9e au c\u0153ur des Hautes Montagnes de l\u2019Atlas Marocain, la vall\u00e9e d\u2019Anergui a conserv\u00e9 ses traditions nomades et gr\u00e2ce \u00e0 une eau abondante les tribus berb\u00e8res A\u00eft Sukhmane et Ait Abdi se sont s\u00e9dentaris\u00e9es dans la r\u00e9gion, tout en menant une vie semi-nomade avec leurs troupeaux sur les plateaux d\u2019altitude du Kousser<br>\nCette attirante vall\u00e9e d\u2019Anergui, poss\u00e8de les villages-citadelles parmi les plus beaux de l\u2019Atlas. Leur architecture, typique, est d\u2019une beaut\u00e9 rude et simple, notamment les \u2013ighremen \u2013 silos citadelles en pis\u00e9 et briques crues o\u00f9 on entrepose les r\u00e9coltes et biens pr\u00e9cieux pendant les transhumances. Autour des ighremen, s\u2019agglutinent les demeures villageoises \u2013tadrouine- maisons cubiques d\u2019un seul niveau, o\u00f9 le soleil se faufile \u00e0 travers les entrelacs en fer forg\u00e9<br>\n                                                                               Mohammed Drihem<\/p>\n","protected":false},"excerpt":{"rendered":"<p>Comme annonc\u00e9 en son temps ; Le Club \u201cANERGUI DREAM TEAM\u201d en partenariat avec le conseil R\u00e9gional de B\u00e9ni Mellal\/Kh\u00e9nifra, le conseil Provincial d\u2019Azilal, le conseil de la collectivit\u00e9 territoriale d\u2019Anergui et le G\u00e9o parc M\u2019Goun a organis\u00e9 Dimanche 06 octobre dernier la 5\u00e8me \u00e9dition du \u00ab Trail International de l\u2019Atlas Central \u00bb dans la &hellip;<\/p>\n","protected":false},"author":2,"featured_media":2121,"comment_status":"open","ping_status":"open","sticky":false,"template":"","format":"standard","meta":{"_bbp_topic_count":0,"_bbp_reply_count":0,"_bbp_total_topic_count":0,"_bbp_total_reply_count":0,"_bbp_voice_count":0,"_bbp_anonymous_reply_count":0,"_bbp_topic_count_hidden":0,"_bbp_reply_count_hidden":0,"_bbp_forum_subforum_count":0,"_wp_rev_ctl_limit":""},"categories":[17,25],"tags":[],"yoast_head":"<!-- This site is optimized with the Yoast SEO plugin v19.13 - https:\/\/yoast.com\/wordpress\/plugins\/seo\/ -->\n<title>LES TRAILLERS BRAHIM KHALYAFAH ET AZIZA RAJI EMPORTENT LA 5\u00e8me EDITION DU TRAIL INTERNATIONAL DE L\u2019ATLAS CENTRAL D\u2019ANERGUI - \u0645\u064a\u062f\u064a\u0627 \u0643\u0648\u0645 - \u062c\u0631\u064a\u062f\u0629 \u0625\u0644\u0643\u062a\u0631\u0648\u0646\u064a\u0629<\/title>\n<meta name=\"robots\" content=\"index, follow, max-snippet:-1, max-image-preview:large, max-video-preview:-1\" \/>\n<link rel=\"canonical\" href=\"https:\/\/mco.ma\/?p=2120\" \/>\n<meta property=\"og:locale\" content=\"ar_AR\" \/>\n<meta property=\"og:type\" content=\"article\" \/>\n<meta property=\"og:title\" content=\"LES TRAILLERS BRAHIM KHALYAFAH ET AZIZA RAJI EMPORTENT LA 5\u00e8me EDITION DU TRAIL INTERNATIONAL DE L\u2019ATLAS CENTRAL D\u2019ANERGUI - \u0645\u064a\u062f\u064a\u0627 \u0643\u0648\u0645 - \u062c\u0631\u064a\u062f\u0629 \u0625\u0644\u0643\u062a\u0631\u0648\u0646\u064a\u0629\" \/>\n<meta property=\"og:description\" content=\"Comme annonc\u00e9 en son temps ; Le Club \u201cANERGUI DREAM TEAM\u201d en partenariat avec le conseil R\u00e9gional de B\u00e9ni Mellal\/Kh\u00e9nifra, le conseil Provincial d\u2019Azilal, le conseil de la collectivit\u00e9 territoriale d\u2019Anergui et le G\u00e9o parc M\u2019Goun a organis\u00e9 Dimanche 06 octobre dernier la 5\u00e8me \u00e9dition du \u00ab Trail International de l\u2019Atlas Central \u00bb dans la &hellip;\" \/>\n<meta property=\"og:url\" content=\"https:\/\/mco.ma\/?p=2120\" \/>\n<meta property=\"og:site_name\" content=\"\u0645\u064a\u062f\u064a\u0627 \u0643\u0648\u0645 - \u062c\u0631\u064a\u062f\u0629 \u0625\u0644\u0643\u062a\u0631\u0648\u0646\u064a\u0629\" \/>\n<meta property=\"article:published_time\" content=\"2019-10-08T00:14:58+00:00\" \/>\n<meta property=\"article:modified_time\" content=\"2019-10-08T00:15:00+00:00\" \/>\n<meta property=\"og:image\" content=\"https:\/\/mco.ma\/wp-content\/uploads\/2019\/10\/ifrane_eeee.jpg\" \/>\n\t<meta property=\"og:image:width\" content=\"800\" \/>\n\t<meta property=\"og:image:height\" content=\"530\" \/>\n\t<meta property=\"og:image:type\" content=\"image\/jpeg\" \/>\n<meta name=\"author\" content=\"ADMIN MCO\" \/>\n<meta name=\"twitter:card\" content=\"summary_large_image\" \/>\n<meta name=\"twitter:label1\" content=\"\u0643\u064f\u062a\u0628 \u0628\u0648\u0627\u0633\u0637\u0629\" \/>\n\t<meta name=\"twitter:data1\" content=\"ADMIN MCO\" \/>\n\t<meta name=\"twitter:label2\" content=\"\u0648\u0642\u062a \u0627\u0644\u0642\u0631\u0627\u0621\u0629 \u0627\u0644\u0645\u064f\u0642\u062f\u0651\u0631\" \/>\n\t<meta name=\"twitter:data2\" content=\"3 \u062f\u0642\u0627\u0626\u0642\" \/>\n<script type=\"application\/ld+json\" class=\"yoast-schema-graph\">{\"@context\":\"https:\/\/schema.org\",\"@graph\":[{\"@type\":\"WebPage\",\"@id\":\"https:\/\/mco.ma\/?p=2120\",\"url\":\"https:\/\/mco.ma\/?p=2120\",\"name\":\"LES TRAILLERS BRAHIM KHALYAFAH ET AZIZA RAJI EMPORTENT LA 5\u00e8me EDITION DU TRAIL INTERNATIONAL DE L\u2019ATLAS CENTRAL D\u2019ANERGUI - \u0645\u064a\u062f\u064a\u0627 \u0643\u0648\u0645 - \u062c\u0631\u064a\u062f\u0629 \u0625\u0644\u0643\u062a\u0631\u0648\u0646\u064a\u0629\",\"isPartOf\":{\"@id\":\"https:\/\/mco.ma\/#website\"},\"datePublished\":\"2019-10-08T00:14:58+00:00\",\"dateModified\":\"2019-10-08T00:15:00+00:00\",\"author\":{\"@id\":\"https:\/\/mco.ma\/#\/schema\/person\/8aee0076b9220496e683a61369a0b0e8\"},\"breadcrumb\":{\"@id\":\"https:\/\/mco.ma\/?p=2120#breadcrumb\"},\"inLanguage\":\"ar\",\"potentialAction\":[{\"@type\":\"ReadAction\",\"target\":[\"https:\/\/mco.ma\/?p=2120\"]}]},{\"@type\":\"BreadcrumbList\",\"@id\":\"https:\/\/mco.ma\/?p=2120#breadcrumb\",\"itemListElement\":[{\"@type\":\"ListItem\",\"position\":1,\"name\":\"Home\",\"item\":\"https:\/\/mco.ma\/\"},{\"@type\":\"ListItem\",\"position\":2,\"name\":\"LES TRAILLERS BRAHIM KHALYAFAH ET AZIZA RAJI EMPORTENT LA 5\u00e8me EDITION DU TRAIL INTERNATIONAL DE L\u2019ATLAS CENTRAL D\u2019ANERGUI\"}]},{\"@type\":\"WebSite\",\"@id\":\"https:\/\/mco.ma\/#website\",\"url\":\"https:\/\/mco.ma\/\",\"name\":\"\u0645\u064a\u062f\u064a\u0627 \u0643\u0648\u0645 - \u062c\u0631\u064a\u062f\u0629 \u0625\u0644\u0643\u062a\u0631\u0648\u0646\u064a\u0629\",\"description\":\"\u0645\u064a\u062f\u064a\u0627 \u0643\u0648\u0645 ... \u062c\u0631\u064a\u062f\u0629 \u0625\u0644\u0643\u062a\u0631\u0648\u0646\u064a\u0629 ... \u0634\u0627\u0645\u0644\u0629\",\"potentialAction\":[{\"@type\":\"SearchAction\",\"target\":{\"@type\":\"EntryPoint\",\"urlTemplate\":\"https:\/\/mco.ma\/?s={search_term_string}\"},\"query-input\":\"required name=search_term_string\"}],\"inLanguage\":\"ar\"},{\"@type\":\"Person\",\"@id\":\"https:\/\/mco.ma\/#\/schema\/person\/8aee0076b9220496e683a61369a0b0e8\",\"name\":\"ADMIN MCO\",\"image\":{\"@type\":\"ImageObject\",\"inLanguage\":\"ar\",\"@id\":\"https:\/\/mco.ma\/#\/schema\/person\/image\/\",\"url\":\"https:\/\/secure.gravatar.com\/avatar\/3f01521dc8f825244d98e8be22bf5598?s=96&d=mm&r=g\",\"contentUrl\":\"https:\/\/secure.gravatar.com\/avatar\/3f01521dc8f825244d98e8be22bf5598?s=96&d=mm&r=g\",\"caption\":\"ADMIN MCO\"},\"url\":\"https:\/\/mco.ma\/?author=2\"}]}<\/script>\n<!-- \/ Yoast SEO plugin. -->","yoast_head_json":{"title":"LES TRAILLERS BRAHIM KHALYAFAH ET AZIZA RAJI EMPORTENT LA 5\u00e8me EDITION DU TRAIL INTERNATIONAL DE L\u2019ATLAS CENTRAL D\u2019ANERGUI - \u0645\u064a\u062f\u064a\u0627 \u0643\u0648\u0645 - \u062c\u0631\u064a\u062f\u0629 \u0625\u0644\u0643\u062a\u0631\u0648\u0646\u064a\u0629","robots":{"index":"index","follow":"follow","max-snippet":"max-snippet:-1","max-image-preview":"max-image-preview:large","max-video-preview":"max-video-preview:-1"},"canonical":"https:\/\/mco.ma\/?p=2120","og_locale":"ar_AR","og_type":"article","og_title":"LES TRAILLERS BRAHIM KHALYAFAH ET AZIZA RAJI EMPORTENT LA 5\u00e8me EDITION DU TRAIL INTERNATIONAL DE L\u2019ATLAS CENTRAL D\u2019ANERGUI - \u0645\u064a\u062f\u064a\u0627 \u0643\u0648\u0645 - \u062c\u0631\u064a\u062f\u0629 \u0625\u0644\u0643\u062a\u0631\u0648\u0646\u064a\u0629","og_description":"Comme annonc\u00e9 en son temps ; Le Club \u201cANERGUI DREAM TEAM\u201d en partenariat avec le conseil R\u00e9gional de B\u00e9ni Mellal\/Kh\u00e9nifra, le conseil Provincial d\u2019Azilal, le conseil de la collectivit\u00e9 territoriale d\u2019Anergui et le G\u00e9o parc M\u2019Goun a organis\u00e9 Dimanche 06 octobre dernier la 5\u00e8me \u00e9dition du \u00ab Trail International de l\u2019Atlas Central \u00bb dans la &hellip;","og_url":"https:\/\/mco.ma\/?p=2120","og_site_name":"\u0645\u064a\u062f\u064a\u0627 \u0643\u0648\u0645 - \u062c\u0631\u064a\u062f\u0629 \u0625\u0644\u0643\u062a\u0631\u0648\u0646\u064a\u0629","article_published_time":"2019-10-08T00:14:58+00:00","article_modified_time":"2019-10-08T00:15:00+00:00","og_image":[{"width":800,"height":530,"url":"https:\/\/mco.ma\/wp-content\/uploads\/2019\/10\/ifrane_eeee.jpg","type":"image\/jpeg"}],"author":"ADMIN MCO","twitter_card":"summary_large_image","twitter_misc":{"\u0643\u064f\u062a\u0628 \u0628\u0648\u0627\u0633\u0637\u0629":"ADMIN MCO","\u0648\u0642\u062a \u0627\u0644\u0642\u0631\u0627\u0621\u0629 \u0627\u0644\u0645\u064f\u0642\u062f\u0651\u0631":"3 \u062f\u0642\u0627\u0626\u0642"},"schema":{"@context":"https:\/\/schema.org","@graph":[{"@type":"WebPage","@id":"https:\/\/mco.ma\/?p=2120","url":"https:\/\/mco.ma\/?p=2120","name":"LES TRAILLERS BRAHIM KHALYAFAH ET AZIZA RAJI EMPORTENT LA 5\u00e8me EDITION DU TRAIL INTERNATIONAL DE L\u2019ATLAS CENTRAL D\u2019ANERGUI - \u0645\u064a\u062f\u064a\u0627 \u0643\u0648\u0645 - \u062c\u0631\u064a\u062f\u0629 \u0625\u0644\u0643\u062a\u0631\u0648\u0646\u064a\u0629","isPartOf":{"@id":"https:\/\/mco.ma\/#website"},"datePublished":"2019-10-08T00:14:58+00:00","dateModified":"2019-10-08T00:15:00+00:00","author":{"@id":"https:\/\/mco.ma\/#\/schema\/person\/8aee0076b9220496e683a61369a0b0e8"},"breadcrumb":{"@id":"https:\/\/mco.ma\/?p=2120#breadcrumb"},"inLanguage":"ar","potentialAction":[{"@type":"ReadAction","target":["https:\/\/mco.ma\/?p=2120"]}]},{"@type":"BreadcrumbList","@id":"https:\/\/mco.ma\/?p=2120#breadcrumb","itemListElement":[{"@type":"ListItem","position":1,"name":"Home","item":"https:\/\/mco.ma\/"},{"@type":"ListItem","position":2,"name":"LES TRAILLERS BRAHIM KHALYAFAH ET AZIZA RAJI EMPORTENT LA 5\u00e8me EDITION DU TRAIL INTERNATIONAL DE L\u2019ATLAS CENTRAL D\u2019ANERGUI"}]},{"@type":"WebSite","@id":"https:\/\/mco.ma\/#website","url":"https:\/\/mco.ma\/","name":"\u0645\u064a\u062f\u064a\u0627 \u0643\u0648\u0645 - \u062c\u0631\u064a\u062f\u0629 \u0625\u0644\u0643\u062a\u0631\u0648\u0646\u064a\u0629","description":"\u0645\u064a\u062f\u064a\u0627 \u0643\u0648\u0645 ... \u062c\u0631\u064a\u062f\u0629 \u0625\u0644\u0643\u062a\u0631\u0648\u0646\u064a\u0629 ... \u0634\u0627\u0645\u0644\u0629","potentialAction":[{"@type":"SearchAction","target":{"@type":"EntryPoint","urlTemplate":"https:\/\/mco.ma\/?s={search_term_string}"},"query-input":"required name=search_term_string"}],"inLanguage":"ar"},{"@type":"Person","@id":"https:\/\/mco.ma\/#\/schema\/person\/8aee0076b9220496e683a61369a0b0e8","name":"ADMIN MCO","image":{"@type":"ImageObject","inLanguage":"ar","@id":"https:\/\/mco.ma\/#\/schema\/person\/image\/","url":"https:\/\/secure.gravatar.com\/avatar\/3f01521dc8f825244d98e8be22bf5598?s=96&d=mm&r=g","contentUrl":"https:\/\/secure.gravatar.com\/avatar\/3f01521dc8f825244d98e8be22bf5598?s=96&d=mm&r=g","caption":"ADMIN MCO"},"url":"https:\/\/mco.ma\/?author=2"}]}},"amp_enabled":true,"_links":{"self":[{"href":"https:\/\/mco.ma\/index.php?rest_route=\/wp\/v2\/posts\/2120"}],"collection":[{"href":"https:\/\/mco.ma\/index.php?rest_route=\/wp\/v2\/posts"}],"about":[{"href":"https:\/\/mco.ma\/index.php?rest_route=\/wp\/v2\/types\/post"}],"author":[{"embeddable":true,"href":"https:\/\/mco.ma\/index.php?rest_route=\/wp\/v2\/users\/2"}],"replies":[{"embeddable":true,"href":"https:\/\/mco.ma\/index.php?rest_route=%2Fwp%2Fv2%2Fcomments&post=2120"}],"version-history":[{"count":1,"href":"https:\/\/mco.ma\/index.php?rest_route=\/wp\/v2\/posts\/2120\/revisions"}],"predecessor-version":[{"id":2122,"href":"https:\/\/mco.ma\/index.php?rest_route=\/wp\/v2\/posts\/2120\/revisions\/2122"}],"wp:featuredmedia":[{"embeddable":true,"href":"https:\/\/mco.ma\/index.php?rest_route=\/wp\/v2\/media\/2121"}],"wp:attachment":[{"href":"https:\/\/mco.ma\/index.php?rest_route=%2Fwp%2Fv2%2Fmedia&parent=2120"}],"wp:term":[{"taxonomy":"category","embeddable":true,"href":"https:\/\/mco.ma\/index.php?rest_route=%2Fwp%2Fv2%2Fcategories&post=2120"},{"taxonomy":"post_tag","embeddable":true,"href":"https:\/\/mco.ma\/index.php?rest_route=%2Fwp%2Fv2%2Ftags&post=2120"}],"curies":[{"name":"wp","href":"https:\/\/api.w.org\/{rel}","templated":true}]}}