{"id":2440,"date":"2020-02-24T18:54:43","date_gmt":"2020-02-24T18:54:43","guid":{"rendered":"http:\/\/www.mco.ma\/?p=2440"},"modified":"2020-02-24T18:54:43","modified_gmt":"2020-02-24T18:54:43","slug":"le-president-algerien-et-son-armee-sentetent-le-peuple-algerien-repond-avec-une-tres-belle-chanson","status":"publish","type":"post","link":"https:\/\/mco.ma\/?p=2440","title":{"rendered":"Le Pr\u00e9sident alg\u00e9rien et son arm\u00e9e s\u2019ent\u00eatent, le peuple alg\u00e9rien r\u00e9pond avec une tr\u00e8s belle chanson."},"content":{"rendered":"\n<p>Le 22 f\u00e9vrier 2020, pour son 1er anniversaire, un nouveau soul\u00e8vement populaire massif a secou\u00e9 l\u2019Alg\u00e9rie tout en restant radical dans ses revendications, pacifique dans sa mani\u00e8re d\u2019agir et ce, afin de mettre en \u00e9chec le funeste projet de dilapidation sans pr\u00e9c\u00e9dent des richesses nationales et une r\u00e9pression syst\u00e9matique de toute contestation d\u00e9mocratique ou sociale.<\/p>\n\n\n\n<p>Mais l\u2019obstination du pouvoir militaire freine encore la marche du peuple alg\u00e9rien vers son \u00e9mancipation notamment par la r\u00e9pression de toutes les manifestations de rue, l\u2019instrumentalisation de l\u2019appareil judiciaire pour incarc\u00e9rer des manifestants pacifiques et m\u00eame ceux portant l\u2019embl\u00e8me amazigh, symbole d\u2019une identit\u00e9 et d\u2019une culture pourtant consacr\u00e9es dans les textes fondamentaux de l\u2019Alg\u00e9rie. La r\u00e9pression touche \u00e9galement les tr\u00e8s rares m\u00e9dias ind\u00e9pendants qui, d\u00e9sormais, ne peuvent plus couvrir les gigantesques manifestations hebdomadaires.<\/p>\n\n\n\n<p>Le peuple alg\u00e9rien continue \u00e0 se battre de fa\u00e7on pacifique pour en arracher d\u2019autres victoires, \u00e0 la faveur d\u2019un p\u00e9nible bras de fer qui l\u2019oppose au haut commandement de l\u2019arm\u00e9e et \u00e0 un personnel politique totalement coup\u00e9s du peuple.<\/p>\n\n\n\n<p>Les manifestants alg\u00e9riens ont d\u00e9sormais int\u00e9gr\u00e9 que seuls les hauts grad\u00e9s de l\u2019arm\u00e9e dirigent leur pays et ils sont d\u00e9sormais bien conscients que les Chefs d\u2019\u00c9tat, depuis leur ind\u00e9pendance en 1962, sont coopt\u00e9s par eux uniquement pour servir de fa\u00e7ade d\u00e9mocratique et que l\u2019Alg\u00e9rie ne conna\u00eetra d\u2019\u00e9volution positive que lorsqu\u2019ils y mettront un terme final.<\/p>\n\n\n\n<p>L\u2019engagement massif et quasi permanent des femmes alg\u00e9riennes de tous \u00e2ges, de diverses cultures et de diff\u00e9rentes cat\u00e9gories socioprofessionnelles dans les manifestations est \u00e9galement un acquis consid\u00e9rable et entame ainsi une rupture dans certaines r\u00e9gions du pays avec les archa\u00efsmes du patriarcat.<\/p>\n\n\n\n<p>Nul n\u2019est en droit de contester que le peuple alg\u00e9rien a manifester en masse, le 21 f\u00e9vrier 2020, c\u00e9l\u00e9brant ainsi le 1er anniversaire du hirak, \u00e0 Alger, Oran, Mostaganem, Bejaia, S\u00e9tif, Bouira, Tizi Ouzou, Mila, El Bayadh, Jijel, Chlef, Sidi Bel Abbes, Tiaret, Ain Temouchent, Tlemcen, Blida, El Oued, Guelma, Bordj Bou Arreridj, Batna, Constantine, Annaba, M\u00e9dea, Tebessa, Relizane et autres villes et villages en r\u00e9it\u00e9rant les principales revendications li\u00e9es \u00e0 la n\u00e9cessit\u00e9 d\u2019instauration d\u2019une transition d\u00e9mocratique, la lib\u00e9ration des prisonniers d\u2019opinion et le respect des libert\u00e9s politiques. Les manifestants ont affich\u00e9 une d\u00e9termination in\u00e9branlable \u00e0 poursuivre la lutte pacifique jusqu\u2019\u00e0 la satisfaction de ces pr\u00e9alables d\u00e9mocratiques tout en bravant les canons \u00e0 eau et les bastonnades des forces alg\u00e9riennes de police.<\/p>\n\n\n\n<p>Des manifestations similaires se sont d\u00e9roul\u00e9es sur le territoire fran\u00e7ais \u00e0 l\u2019instar de celles de Marseille et de Lille, le 22 f\u00e9vrier 2020, et de Paris, Place de la R\u00e9publique, le 16 f\u00e9vrier 2020, avec pour slogans principaux \u00ab Nous sommes venus vous d\u00e9gager ! \u00bb, \u00ab le peuple veut faire chuter le r\u00e9gime \u00bb que les manifestants ont scand\u00e9s \u00e0 l&#8217;adresse des dirigeants alg\u00e9riens et m\u00eame une chanson d\u2019Amel Zen en fran\u00e7ais, en arabe et amazigh a \u00e9t\u00e9 chant\u00e9e par le peuple alg\u00e9rien.<\/p>\n\n\n\n<p>Quant \u00e0 la chanson, je vous livre son titre et le nom de la chanteuse avec grand plaisir :  VID\u00c9O. ALG\u00c9RIE 1ER ANNIVERSAIRE DES MANIFESTATIONS ANTIR\u00c9GIME: LA TR\u00c8S \u00c9MOUVANTE CHANSON D&#8217;AMEL ZEN.<br>\nFarid Mnebhi.<\/p>\n","protected":false},"excerpt":{"rendered":"<p>Le 22 f\u00e9vrier 2020, pour son 1er anniversaire, un nouveau soul\u00e8vement populaire massif a secou\u00e9 l\u2019Alg\u00e9rie tout en restant radical dans ses revendications, pacifique dans sa mani\u00e8re d\u2019agir et ce, afin de mettre en \u00e9chec le funeste projet de dilapidation sans pr\u00e9c\u00e9dent des richesses nationales et une r\u00e9pression syst\u00e9matique de toute contestation d\u00e9mocratique ou sociale. &hellip;<\/p>\n","protected":false},"author":2,"featured_media":2400,"comment_status":"open","ping_status":"open","sticky":false,"template":"","format":"standard","meta":{"_bbp_topic_count":0,"_bbp_reply_count":0,"_bbp_total_topic_count":0,"_bbp_total_reply_count":0,"_bbp_voice_count":0,"_bbp_anonymous_reply_count":0,"_bbp_topic_count_hidden":0,"_bbp_reply_count_hidden":0,"_bbp_forum_subforum_count":0,"_wp_rev_ctl_limit":""},"categories":[28,32,38],"tags":[],"yoast_head":"<!-- This site is optimized with the Yoast SEO plugin v19.13 - https:\/\/yoast.com\/wordpress\/plugins\/seo\/ -->\n<title>Le Pr\u00e9sident alg\u00e9rien et son arm\u00e9e s\u2019ent\u00eatent, le peuple alg\u00e9rien r\u00e9pond avec une tr\u00e8s belle chanson. - \u0645\u064a\u062f\u064a\u0627 \u0643\u0648\u0645 - \u062c\u0631\u064a\u062f\u0629 \u0625\u0644\u0643\u062a\u0631\u0648\u0646\u064a\u0629<\/title>\n<meta name=\"robots\" content=\"index, follow, max-snippet:-1, max-image-preview:large, max-video-preview:-1\" \/>\n<link rel=\"canonical\" href=\"https:\/\/mco.ma\/?p=2440\" \/>\n<meta property=\"og:locale\" content=\"ar_AR\" \/>\n<meta property=\"og:type\" content=\"article\" \/>\n<meta property=\"og:title\" content=\"Le Pr\u00e9sident alg\u00e9rien et son arm\u00e9e s\u2019ent\u00eatent, le peuple alg\u00e9rien r\u00e9pond avec une tr\u00e8s belle chanson. - \u0645\u064a\u062f\u064a\u0627 \u0643\u0648\u0645 - \u062c\u0631\u064a\u062f\u0629 \u0625\u0644\u0643\u062a\u0631\u0648\u0646\u064a\u0629\" \/>\n<meta property=\"og:description\" content=\"Le 22 f\u00e9vrier 2020, pour son 1er anniversaire, un nouveau soul\u00e8vement populaire massif a secou\u00e9 l\u2019Alg\u00e9rie tout en restant radical dans ses revendications, pacifique dans sa mani\u00e8re d\u2019agir et ce, afin de mettre en \u00e9chec le funeste projet de dilapidation sans pr\u00e9c\u00e9dent des richesses nationales et une r\u00e9pression syst\u00e9matique de toute contestation d\u00e9mocratique ou sociale. &hellip;\" \/>\n<meta property=\"og:url\" content=\"https:\/\/mco.ma\/?p=2440\" \/>\n<meta property=\"og:site_name\" content=\"\u0645\u064a\u062f\u064a\u0627 \u0643\u0648\u0645 - \u062c\u0631\u064a\u062f\u0629 \u0625\u0644\u0643\u062a\u0631\u0648\u0646\u064a\u0629\" \/>\n<meta property=\"article:published_time\" content=\"2020-02-24T18:54:43+00:00\" \/>\n<meta property=\"og:image\" content=\"https:\/\/mco.ma\/wp-content\/uploads\/2020\/02\/kabilie.jpg\" \/>\n\t<meta property=\"og:image:width\" content=\"720\" \/>\n\t<meta property=\"og:image:height\" content=\"480\" \/>\n\t<meta property=\"og:image:type\" content=\"image\/jpeg\" \/>\n<meta name=\"author\" content=\"ADMIN MCO\" \/>\n<meta name=\"twitter:card\" content=\"summary_large_image\" \/>\n<meta name=\"twitter:label1\" content=\"\u0643\u064f\u062a\u0628 \u0628\u0648\u0627\u0633\u0637\u0629\" \/>\n\t<meta name=\"twitter:data1\" content=\"ADMIN MCO\" \/>\n\t<meta name=\"twitter:label2\" content=\"\u0648\u0642\u062a \u0627\u0644\u0642\u0631\u0627\u0621\u0629 \u0627\u0644\u0645\u064f\u0642\u062f\u0651\u0631\" \/>\n\t<meta name=\"twitter:data2\" content=\"3 \u062f\u0642\u0627\u0626\u0642\" \/>\n<script type=\"application\/ld+json\" class=\"yoast-schema-graph\">{\"@context\":\"https:\/\/schema.org\",\"@graph\":[{\"@type\":\"WebPage\",\"@id\":\"https:\/\/mco.ma\/?p=2440\",\"url\":\"https:\/\/mco.ma\/?p=2440\",\"name\":\"Le Pr\u00e9sident alg\u00e9rien et son arm\u00e9e s\u2019ent\u00eatent, le peuple alg\u00e9rien r\u00e9pond avec une tr\u00e8s belle chanson. - \u0645\u064a\u062f\u064a\u0627 \u0643\u0648\u0645 - \u062c\u0631\u064a\u062f\u0629 \u0625\u0644\u0643\u062a\u0631\u0648\u0646\u064a\u0629\",\"isPartOf\":{\"@id\":\"https:\/\/mco.ma\/#website\"},\"datePublished\":\"2020-02-24T18:54:43+00:00\",\"dateModified\":\"2020-02-24T18:54:43+00:00\",\"author\":{\"@id\":\"https:\/\/mco.ma\/#\/schema\/person\/8aee0076b9220496e683a61369a0b0e8\"},\"breadcrumb\":{\"@id\":\"https:\/\/mco.ma\/?p=2440#breadcrumb\"},\"inLanguage\":\"ar\",\"potentialAction\":[{\"@type\":\"ReadAction\",\"target\":[\"https:\/\/mco.ma\/?p=2440\"]}]},{\"@type\":\"BreadcrumbList\",\"@id\":\"https:\/\/mco.ma\/?p=2440#breadcrumb\",\"itemListElement\":[{\"@type\":\"ListItem\",\"position\":1,\"name\":\"Home\",\"item\":\"https:\/\/mco.ma\/\"},{\"@type\":\"ListItem\",\"position\":2,\"name\":\"Le Pr\u00e9sident alg\u00e9rien et son arm\u00e9e s\u2019ent\u00eatent, le peuple alg\u00e9rien r\u00e9pond avec une tr\u00e8s belle chanson.\"}]},{\"@type\":\"WebSite\",\"@id\":\"https:\/\/mco.ma\/#website\",\"url\":\"https:\/\/mco.ma\/\",\"name\":\"\u0645\u064a\u062f\u064a\u0627 \u0643\u0648\u0645 - \u062c\u0631\u064a\u062f\u0629 \u0625\u0644\u0643\u062a\u0631\u0648\u0646\u064a\u0629\",\"description\":\"\u0645\u064a\u062f\u064a\u0627 \u0643\u0648\u0645 ... \u062c\u0631\u064a\u062f\u0629 \u0625\u0644\u0643\u062a\u0631\u0648\u0646\u064a\u0629 ... \u0634\u0627\u0645\u0644\u0629\",\"potentialAction\":[{\"@type\":\"SearchAction\",\"target\":{\"@type\":\"EntryPoint\",\"urlTemplate\":\"https:\/\/mco.ma\/?s={search_term_string}\"},\"query-input\":\"required name=search_term_string\"}],\"inLanguage\":\"ar\"},{\"@type\":\"Person\",\"@id\":\"https:\/\/mco.ma\/#\/schema\/person\/8aee0076b9220496e683a61369a0b0e8\",\"name\":\"ADMIN MCO\",\"image\":{\"@type\":\"ImageObject\",\"inLanguage\":\"ar\",\"@id\":\"https:\/\/mco.ma\/#\/schema\/person\/image\/\",\"url\":\"https:\/\/secure.gravatar.com\/avatar\/3f01521dc8f825244d98e8be22bf5598?s=96&d=mm&r=g\",\"contentUrl\":\"https:\/\/secure.gravatar.com\/avatar\/3f01521dc8f825244d98e8be22bf5598?s=96&d=mm&r=g\",\"caption\":\"ADMIN MCO\"},\"url\":\"https:\/\/mco.ma\/?author=2\"}]}<\/script>\n<!-- \/ Yoast SEO plugin. -->","yoast_head_json":{"title":"Le Pr\u00e9sident alg\u00e9rien et son arm\u00e9e s\u2019ent\u00eatent, le peuple alg\u00e9rien r\u00e9pond avec une tr\u00e8s belle chanson. - \u0645\u064a\u062f\u064a\u0627 \u0643\u0648\u0645 - \u062c\u0631\u064a\u062f\u0629 \u0625\u0644\u0643\u062a\u0631\u0648\u0646\u064a\u0629","robots":{"index":"index","follow":"follow","max-snippet":"max-snippet:-1","max-image-preview":"max-image-preview:large","max-video-preview":"max-video-preview:-1"},"canonical":"https:\/\/mco.ma\/?p=2440","og_locale":"ar_AR","og_type":"article","og_title":"Le Pr\u00e9sident alg\u00e9rien et son arm\u00e9e s\u2019ent\u00eatent, le peuple alg\u00e9rien r\u00e9pond avec une tr\u00e8s belle chanson. - \u0645\u064a\u062f\u064a\u0627 \u0643\u0648\u0645 - \u062c\u0631\u064a\u062f\u0629 \u0625\u0644\u0643\u062a\u0631\u0648\u0646\u064a\u0629","og_description":"Le 22 f\u00e9vrier 2020, pour son 1er anniversaire, un nouveau soul\u00e8vement populaire massif a secou\u00e9 l\u2019Alg\u00e9rie tout en restant radical dans ses revendications, pacifique dans sa mani\u00e8re d\u2019agir et ce, afin de mettre en \u00e9chec le funeste projet de dilapidation sans pr\u00e9c\u00e9dent des richesses nationales et une r\u00e9pression syst\u00e9matique de toute contestation d\u00e9mocratique ou sociale. &hellip;","og_url":"https:\/\/mco.ma\/?p=2440","og_site_name":"\u0645\u064a\u062f\u064a\u0627 \u0643\u0648\u0645 - \u062c\u0631\u064a\u062f\u0629 \u0625\u0644\u0643\u062a\u0631\u0648\u0646\u064a\u0629","article_published_time":"2020-02-24T18:54:43+00:00","og_image":[{"width":720,"height":480,"url":"https:\/\/mco.ma\/wp-content\/uploads\/2020\/02\/kabilie.jpg","type":"image\/jpeg"}],"author":"ADMIN MCO","twitter_card":"summary_large_image","twitter_misc":{"\u0643\u064f\u062a\u0628 \u0628\u0648\u0627\u0633\u0637\u0629":"ADMIN MCO","\u0648\u0642\u062a \u0627\u0644\u0642\u0631\u0627\u0621\u0629 \u0627\u0644\u0645\u064f\u0642\u062f\u0651\u0631":"3 \u062f\u0642\u0627\u0626\u0642"},"schema":{"@context":"https:\/\/schema.org","@graph":[{"@type":"WebPage","@id":"https:\/\/mco.ma\/?p=2440","url":"https:\/\/mco.ma\/?p=2440","name":"Le Pr\u00e9sident alg\u00e9rien et son arm\u00e9e s\u2019ent\u00eatent, le peuple alg\u00e9rien r\u00e9pond avec une tr\u00e8s belle chanson. - \u0645\u064a\u062f\u064a\u0627 \u0643\u0648\u0645 - \u062c\u0631\u064a\u062f\u0629 \u0625\u0644\u0643\u062a\u0631\u0648\u0646\u064a\u0629","isPartOf":{"@id":"https:\/\/mco.ma\/#website"},"datePublished":"2020-02-24T18:54:43+00:00","dateModified":"2020-02-24T18:54:43+00:00","author":{"@id":"https:\/\/mco.ma\/#\/schema\/person\/8aee0076b9220496e683a61369a0b0e8"},"breadcrumb":{"@id":"https:\/\/mco.ma\/?p=2440#breadcrumb"},"inLanguage":"ar","potentialAction":[{"@type":"ReadAction","target":["https:\/\/mco.ma\/?p=2440"]}]},{"@type":"BreadcrumbList","@id":"https:\/\/mco.ma\/?p=2440#breadcrumb","itemListElement":[{"@type":"ListItem","position":1,"name":"Home","item":"https:\/\/mco.ma\/"},{"@type":"ListItem","position":2,"name":"Le Pr\u00e9sident alg\u00e9rien et son arm\u00e9e s\u2019ent\u00eatent, le peuple alg\u00e9rien r\u00e9pond avec une tr\u00e8s belle chanson."}]},{"@type":"WebSite","@id":"https:\/\/mco.ma\/#website","url":"https:\/\/mco.ma\/","name":"\u0645\u064a\u062f\u064a\u0627 \u0643\u0648\u0645 - \u062c\u0631\u064a\u062f\u0629 \u0625\u0644\u0643\u062a\u0631\u0648\u0646\u064a\u0629","description":"\u0645\u064a\u062f\u064a\u0627 \u0643\u0648\u0645 ... \u062c\u0631\u064a\u062f\u0629 \u0625\u0644\u0643\u062a\u0631\u0648\u0646\u064a\u0629 ... \u0634\u0627\u0645\u0644\u0629","potentialAction":[{"@type":"SearchAction","target":{"@type":"EntryPoint","urlTemplate":"https:\/\/mco.ma\/?s={search_term_string}"},"query-input":"required name=search_term_string"}],"inLanguage":"ar"},{"@type":"Person","@id":"https:\/\/mco.ma\/#\/schema\/person\/8aee0076b9220496e683a61369a0b0e8","name":"ADMIN MCO","image":{"@type":"ImageObject","inLanguage":"ar","@id":"https:\/\/mco.ma\/#\/schema\/person\/image\/","url":"https:\/\/secure.gravatar.com\/avatar\/3f01521dc8f825244d98e8be22bf5598?s=96&d=mm&r=g","contentUrl":"https:\/\/secure.gravatar.com\/avatar\/3f01521dc8f825244d98e8be22bf5598?s=96&d=mm&r=g","caption":"ADMIN MCO"},"url":"https:\/\/mco.ma\/?author=2"}]}},"amp_enabled":true,"_links":{"self":[{"href":"https:\/\/mco.ma\/index.php?rest_route=\/wp\/v2\/posts\/2440"}],"collection":[{"href":"https:\/\/mco.ma\/index.php?rest_route=\/wp\/v2\/posts"}],"about":[{"href":"https:\/\/mco.ma\/index.php?rest_route=\/wp\/v2\/types\/post"}],"author":[{"embeddable":true,"href":"https:\/\/mco.ma\/index.php?rest_route=\/wp\/v2\/users\/2"}],"replies":[{"embeddable":true,"href":"https:\/\/mco.ma\/index.php?rest_route=%2Fwp%2Fv2%2Fcomments&post=2440"}],"version-history":[{"count":1,"href":"https:\/\/mco.ma\/index.php?rest_route=\/wp\/v2\/posts\/2440\/revisions"}],"predecessor-version":[{"id":2441,"href":"https:\/\/mco.ma\/index.php?rest_route=\/wp\/v2\/posts\/2440\/revisions\/2441"}],"wp:featuredmedia":[{"embeddable":true,"href":"https:\/\/mco.ma\/index.php?rest_route=\/wp\/v2\/media\/2400"}],"wp:attachment":[{"href":"https:\/\/mco.ma\/index.php?rest_route=%2Fwp%2Fv2%2Fmedia&parent=2440"}],"wp:term":[{"taxonomy":"category","embeddable":true,"href":"https:\/\/mco.ma\/index.php?rest_route=%2Fwp%2Fv2%2Fcategories&post=2440"},{"taxonomy":"post_tag","embeddable":true,"href":"https:\/\/mco.ma\/index.php?rest_route=%2Fwp%2Fv2%2Ftags&post=2440"}],"curies":[{"name":"wp","href":"https:\/\/api.w.org\/{rel}","templated":true}]}}