{"id":2458,"date":"2020-02-27T23:10:46","date_gmt":"2020-02-27T23:10:46","guid":{"rendered":"http:\/\/www.mco.ma\/?p=2458"},"modified":"2020-02-27T23:10:46","modified_gmt":"2020-02-27T23:10:46","slug":"placee-sous-le-haut-patronage-de-s-m-le-roi-mohammed-vi-la-ville-de-marrakech-accueille-la-17e-edition-dofficine-expo-du-28-et-29-fevrier-2020","status":"publish","type":"post","link":"https:\/\/mco.ma\/?p=2458","title":{"rendered":"Plac\u00e9e sous le Haut Patronage de S.M le Roi Mohammed VI, La Ville de Marrakech accueille :  La 17e \u00e9dition d\u2019Officine Expo du 28 et 29 f\u00e9vrier 2020"},"content":{"rendered":"\n<p>Mohammed Drihem<br>\n    Vendredi 28 f\u00e9vrier 2020, la Ville Ocre de Marrakech sera au rendez-vous avec l\u2019Ouverture de la 17\u00e8me \u00e9dition d\u2019Officine Expo organis\u00e9e sous le Haut Patronage de S.M Le Roi Mohammed VI et proposant \u00e0 ces quelques 12000 visiteurs professionnels attendus un riche contenu qui met en lumi\u00e8re des th\u00e9matiques de la plus haute actualit\u00e9. <br>\n     Cet \u00e9v\u00e9nement ; selon ses organisateurs ; inclut \u00e9galement la 4\u00e8me \u00e9dition du Meeting Pharma Africa qui accueille cette ann\u00e9e 18 pays du Continent et propose au programme  des conf\u00e9rences, des expositions, des remises de prix et des \u00e9v\u00e9nements networking et pitch session entre autres activit\u00e9s.     <br>\n     Fid\u00e8le \u00e0 sa tradition d\u2019\u00e9changes et de convivialit\u00e9, nous rapporte-t-on, cette 17e \u00e9dition d\u2019Officine Expo s\u2019inscrit dans la continuit\u00e9 des efforts engag\u00e9s pour faire de l\u2019\u00e9v\u00e9nement un rendez-vous embl\u00e9matique de la pharmacie sud-m\u00e9diterran\u00e9enne et africaine.<br>\n     R\u00e9unissant pr\u00e8s de 5000 participants de 23 pays, l&#8217;\u00e9v\u00e9nement propose 2 jours d&#8217;\u00e9changes et de rencontres avec d\u2019imminentes personnalit\u00e9s de la sant\u00e9 et des experts internationaux. Une palette assez large pour garantir un \u00e9change interactif autour de th\u00e9matiques en ad\u00e9quation avec les enjeux qui interpellent les acteurs de la fili\u00e8re et de la profession. <br>\n      Selon la m\u00eame source d\u2019information, Officine Expo 2020 s\u2019attache, cette ann\u00e9e, \u00e0 \u00e9clairer les d\u00e9bats au travers de quatre th\u00e8mes \u00e0 savoir :<br>\nInnovation et Cr\u00e9ativit\u00e9 <br>\nRuptures de m\u00e9dicaments: enjeux de sant\u00e9 publique et leurs impacts sur     l\u2019officine. Quelles strat\u00e9gies adopter? <br>\nCoop\u00e9ration interprofessionnelle au service du patient diab\u00e9tique  <br>\nVillage innovation 2020-startups e-sant\u00e9 <br>\n     Aussi ajoute-t-on, l\u2019accent sera mis sur l\u2019innovation \u00e0 travers l\u2019accueil d\u2019une quinzaine de startups e-sant\u00e9 de diff\u00e9rents pays au sein du Village Innovation, un espace d\u2019\u00e9change afin d\u2019avoir une vision partag\u00e9e des innovations en cours. Un panel d&#8217;experts choisira parmi celles-ci 4 \u00e0 5 startups qui seront invit\u00e9es \u00e0 pitcher leurs projets innovants, le samedi 29 f\u00e9vrier. <br>\n     Le but \u00e9tant de d\u00e9finir les nouvelles perspectives prenant en compte les priorit\u00e9s du secteur de la sant\u00e9 et de la pharmacie, et d\u2019accompagner les officinaux vers des recommandations permettant d\u2019aller dans le sens de l\u2019innovation, source de d\u00e9veloppement p\u00e9renne. <br>\n      Pour consolider sa position de leader des salons pharmaceutiques au niveau du Maroc et du Continent, Officine Expo 2020 renouvelle, pour une 4e \u00e9dition, le Meeting Pharma Africa qui accueille cette ann\u00e9e 18 pays africains. Inscrit en droite ligne avec la politique de d\u00e9veloppement sectoriel entreprise par SM le Roi Mohammed VI en partenariat avec les pays d\u02bcAfrique, Meeting Pharma Africa offre une place au d\u00e9veloppement du BtoB  et contribue \u00e0 la promotion des relations Sud-Sud dans les domaines de la r\u00e9glementation pharmaceutique de l\u2019acc\u00e8s \u00e0 des m\u00e9dicaments et au partage de l\u2019expertise dans la pharmacie industrielle. <\/p>\n","protected":false},"excerpt":{"rendered":"<p>Mohammed Drihem Vendredi 28 f\u00e9vrier 2020, la Ville Ocre de Marrakech sera au rendez-vous avec l\u2019Ouverture de la 17\u00e8me \u00e9dition d\u2019Officine Expo organis\u00e9e sous le Haut Patronage de S.M Le Roi Mohammed VI et proposant \u00e0 ces quelques 12000 visiteurs professionnels attendus un riche contenu qui met en lumi\u00e8re des th\u00e9matiques de la plus haute &hellip;<\/p>\n","protected":false},"author":2,"featured_media":2459,"comment_status":"open","ping_status":"open","sticky":false,"template":"","format":"standard","meta":{"_bbp_topic_count":0,"_bbp_reply_count":0,"_bbp_total_topic_count":0,"_bbp_total_reply_count":0,"_bbp_voice_count":0,"_bbp_anonymous_reply_count":0,"_bbp_topic_count_hidden":0,"_bbp_reply_count_hidden":0,"_bbp_forum_subforum_count":0,"_wp_rev_ctl_limit":""},"categories":[28,17,38],"tags":[],"yoast_head":"<!-- This site is optimized with the Yoast SEO plugin v19.13 - https:\/\/yoast.com\/wordpress\/plugins\/seo\/ -->\n<title>Plac\u00e9e sous le Haut Patronage de S.M le Roi Mohammed VI, La Ville de Marrakech accueille : La 17e \u00e9dition d\u2019Officine Expo du 28 et 29 f\u00e9vrier 2020 - \u0645\u064a\u062f\u064a\u0627 \u0643\u0648\u0645 - \u062c\u0631\u064a\u062f\u0629 \u0625\u0644\u0643\u062a\u0631\u0648\u0646\u064a\u0629<\/title>\n<meta name=\"robots\" content=\"index, follow, max-snippet:-1, max-image-preview:large, max-video-preview:-1\" \/>\n<link rel=\"canonical\" href=\"https:\/\/mco.ma\/?p=2458\" \/>\n<meta property=\"og:locale\" content=\"ar_AR\" \/>\n<meta property=\"og:type\" content=\"article\" \/>\n<meta property=\"og:title\" content=\"Plac\u00e9e sous le Haut Patronage de S.M le Roi Mohammed VI, La Ville de Marrakech accueille : La 17e \u00e9dition d\u2019Officine Expo du 28 et 29 f\u00e9vrier 2020 - \u0645\u064a\u062f\u064a\u0627 \u0643\u0648\u0645 - \u062c\u0631\u064a\u062f\u0629 \u0625\u0644\u0643\u062a\u0631\u0648\u0646\u064a\u0629\" \/>\n<meta property=\"og:description\" content=\"Mohammed Drihem Vendredi 28 f\u00e9vrier 2020, la Ville Ocre de Marrakech sera au rendez-vous avec l\u2019Ouverture de la 17\u00e8me \u00e9dition d\u2019Officine Expo organis\u00e9e sous le Haut Patronage de S.M Le Roi Mohammed VI et proposant \u00e0 ces quelques 12000 visiteurs professionnels attendus un riche contenu qui met en lumi\u00e8re des th\u00e9matiques de la plus haute &hellip;\" \/>\n<meta property=\"og:url\" content=\"https:\/\/mco.ma\/?p=2458\" \/>\n<meta property=\"og:site_name\" content=\"\u0645\u064a\u062f\u064a\u0627 \u0643\u0648\u0645 - \u062c\u0631\u064a\u062f\u0629 \u0625\u0644\u0643\u062a\u0631\u0648\u0646\u064a\u0629\" \/>\n<meta property=\"article:published_time\" content=\"2020-02-27T23:10:46+00:00\" \/>\n<meta property=\"og:image\" content=\"https:\/\/mco.ma\/wp-content\/uploads\/2020\/02\/officine.png\" \/>\n\t<meta property=\"og:image:width\" content=\"782\" \/>\n\t<meta property=\"og:image:height\" content=\"729\" \/>\n\t<meta property=\"og:image:type\" content=\"image\/png\" \/>\n<meta name=\"author\" content=\"ADMIN MCO\" \/>\n<meta name=\"twitter:card\" content=\"summary_large_image\" \/>\n<meta name=\"twitter:label1\" content=\"\u0643\u064f\u062a\u0628 \u0628\u0648\u0627\u0633\u0637\u0629\" \/>\n\t<meta name=\"twitter:data1\" content=\"ADMIN MCO\" \/>\n\t<meta name=\"twitter:label2\" content=\"\u0648\u0642\u062a \u0627\u0644\u0642\u0631\u0627\u0621\u0629 \u0627\u0644\u0645\u064f\u0642\u062f\u0651\u0631\" \/>\n\t<meta name=\"twitter:data2\" content=\"\u062f\u0642\u064a\u0642\u062a\u0627\u0646\" \/>\n<script type=\"application\/ld+json\" class=\"yoast-schema-graph\">{\"@context\":\"https:\/\/schema.org\",\"@graph\":[{\"@type\":\"WebPage\",\"@id\":\"https:\/\/mco.ma\/?p=2458\",\"url\":\"https:\/\/mco.ma\/?p=2458\",\"name\":\"Plac\u00e9e sous le Haut Patronage de S.M le Roi Mohammed VI, La Ville de Marrakech accueille : La 17e \u00e9dition d\u2019Officine Expo du 28 et 29 f\u00e9vrier 2020 - \u0645\u064a\u062f\u064a\u0627 \u0643\u0648\u0645 - \u062c\u0631\u064a\u062f\u0629 \u0625\u0644\u0643\u062a\u0631\u0648\u0646\u064a\u0629\",\"isPartOf\":{\"@id\":\"https:\/\/mco.ma\/#website\"},\"datePublished\":\"2020-02-27T23:10:46+00:00\",\"dateModified\":\"2020-02-27T23:10:46+00:00\",\"author\":{\"@id\":\"https:\/\/mco.ma\/#\/schema\/person\/8aee0076b9220496e683a61369a0b0e8\"},\"breadcrumb\":{\"@id\":\"https:\/\/mco.ma\/?p=2458#breadcrumb\"},\"inLanguage\":\"ar\",\"potentialAction\":[{\"@type\":\"ReadAction\",\"target\":[\"https:\/\/mco.ma\/?p=2458\"]}]},{\"@type\":\"BreadcrumbList\",\"@id\":\"https:\/\/mco.ma\/?p=2458#breadcrumb\",\"itemListElement\":[{\"@type\":\"ListItem\",\"position\":1,\"name\":\"Home\",\"item\":\"https:\/\/mco.ma\/\"},{\"@type\":\"ListItem\",\"position\":2,\"name\":\"Plac\u00e9e sous le Haut Patronage de S.M le Roi Mohammed VI, La Ville de Marrakech accueille : La 17e \u00e9dition d\u2019Officine Expo du 28 et 29 f\u00e9vrier 2020\"}]},{\"@type\":\"WebSite\",\"@id\":\"https:\/\/mco.ma\/#website\",\"url\":\"https:\/\/mco.ma\/\",\"name\":\"\u0645\u064a\u062f\u064a\u0627 \u0643\u0648\u0645 - \u062c\u0631\u064a\u062f\u0629 \u0625\u0644\u0643\u062a\u0631\u0648\u0646\u064a\u0629\",\"description\":\"\u0645\u064a\u062f\u064a\u0627 \u0643\u0648\u0645 ... \u062c\u0631\u064a\u062f\u0629 \u0625\u0644\u0643\u062a\u0631\u0648\u0646\u064a\u0629 ... \u0634\u0627\u0645\u0644\u0629\",\"potentialAction\":[{\"@type\":\"SearchAction\",\"target\":{\"@type\":\"EntryPoint\",\"urlTemplate\":\"https:\/\/mco.ma\/?s={search_term_string}\"},\"query-input\":\"required name=search_term_string\"}],\"inLanguage\":\"ar\"},{\"@type\":\"Person\",\"@id\":\"https:\/\/mco.ma\/#\/schema\/person\/8aee0076b9220496e683a61369a0b0e8\",\"name\":\"ADMIN MCO\",\"image\":{\"@type\":\"ImageObject\",\"inLanguage\":\"ar\",\"@id\":\"https:\/\/mco.ma\/#\/schema\/person\/image\/\",\"url\":\"https:\/\/secure.gravatar.com\/avatar\/3f01521dc8f825244d98e8be22bf5598?s=96&d=mm&r=g\",\"contentUrl\":\"https:\/\/secure.gravatar.com\/avatar\/3f01521dc8f825244d98e8be22bf5598?s=96&d=mm&r=g\",\"caption\":\"ADMIN MCO\"},\"url\":\"https:\/\/mco.ma\/?author=2\"}]}<\/script>\n<!-- \/ Yoast SEO plugin. -->","yoast_head_json":{"title":"Plac\u00e9e sous le Haut Patronage de S.M le Roi Mohammed VI, La Ville de Marrakech accueille : La 17e \u00e9dition d\u2019Officine Expo du 28 et 29 f\u00e9vrier 2020 - \u0645\u064a\u062f\u064a\u0627 \u0643\u0648\u0645 - \u062c\u0631\u064a\u062f\u0629 \u0625\u0644\u0643\u062a\u0631\u0648\u0646\u064a\u0629","robots":{"index":"index","follow":"follow","max-snippet":"max-snippet:-1","max-image-preview":"max-image-preview:large","max-video-preview":"max-video-preview:-1"},"canonical":"https:\/\/mco.ma\/?p=2458","og_locale":"ar_AR","og_type":"article","og_title":"Plac\u00e9e sous le Haut Patronage de S.M le Roi Mohammed VI, La Ville de Marrakech accueille : La 17e \u00e9dition d\u2019Officine Expo du 28 et 29 f\u00e9vrier 2020 - \u0645\u064a\u062f\u064a\u0627 \u0643\u0648\u0645 - \u062c\u0631\u064a\u062f\u0629 \u0625\u0644\u0643\u062a\u0631\u0648\u0646\u064a\u0629","og_description":"Mohammed Drihem Vendredi 28 f\u00e9vrier 2020, la Ville Ocre de Marrakech sera au rendez-vous avec l\u2019Ouverture de la 17\u00e8me \u00e9dition d\u2019Officine Expo organis\u00e9e sous le Haut Patronage de S.M Le Roi Mohammed VI et proposant \u00e0 ces quelques 12000 visiteurs professionnels attendus un riche contenu qui met en lumi\u00e8re des th\u00e9matiques de la plus haute &hellip;","og_url":"https:\/\/mco.ma\/?p=2458","og_site_name":"\u0645\u064a\u062f\u064a\u0627 \u0643\u0648\u0645 - \u062c\u0631\u064a\u062f\u0629 \u0625\u0644\u0643\u062a\u0631\u0648\u0646\u064a\u0629","article_published_time":"2020-02-27T23:10:46+00:00","og_image":[{"width":782,"height":729,"url":"https:\/\/mco.ma\/wp-content\/uploads\/2020\/02\/officine.png","type":"image\/png"}],"author":"ADMIN MCO","twitter_card":"summary_large_image","twitter_misc":{"\u0643\u064f\u062a\u0628 \u0628\u0648\u0627\u0633\u0637\u0629":"ADMIN MCO","\u0648\u0642\u062a \u0627\u0644\u0642\u0631\u0627\u0621\u0629 \u0627\u0644\u0645\u064f\u0642\u062f\u0651\u0631":"\u062f\u0642\u064a\u0642\u062a\u0627\u0646"},"schema":{"@context":"https:\/\/schema.org","@graph":[{"@type":"WebPage","@id":"https:\/\/mco.ma\/?p=2458","url":"https:\/\/mco.ma\/?p=2458","name":"Plac\u00e9e sous le Haut Patronage de S.M le Roi Mohammed VI, La Ville de Marrakech accueille : La 17e \u00e9dition d\u2019Officine Expo du 28 et 29 f\u00e9vrier 2020 - \u0645\u064a\u062f\u064a\u0627 \u0643\u0648\u0645 - \u062c\u0631\u064a\u062f\u0629 \u0625\u0644\u0643\u062a\u0631\u0648\u0646\u064a\u0629","isPartOf":{"@id":"https:\/\/mco.ma\/#website"},"datePublished":"2020-02-27T23:10:46+00:00","dateModified":"2020-02-27T23:10:46+00:00","author":{"@id":"https:\/\/mco.ma\/#\/schema\/person\/8aee0076b9220496e683a61369a0b0e8"},"breadcrumb":{"@id":"https:\/\/mco.ma\/?p=2458#breadcrumb"},"inLanguage":"ar","potentialAction":[{"@type":"ReadAction","target":["https:\/\/mco.ma\/?p=2458"]}]},{"@type":"BreadcrumbList","@id":"https:\/\/mco.ma\/?p=2458#breadcrumb","itemListElement":[{"@type":"ListItem","position":1,"name":"Home","item":"https:\/\/mco.ma\/"},{"@type":"ListItem","position":2,"name":"Plac\u00e9e sous le Haut Patronage de S.M le Roi Mohammed VI, La Ville de Marrakech accueille : La 17e \u00e9dition d\u2019Officine Expo du 28 et 29 f\u00e9vrier 2020"}]},{"@type":"WebSite","@id":"https:\/\/mco.ma\/#website","url":"https:\/\/mco.ma\/","name":"\u0645\u064a\u062f\u064a\u0627 \u0643\u0648\u0645 - \u062c\u0631\u064a\u062f\u0629 \u0625\u0644\u0643\u062a\u0631\u0648\u0646\u064a\u0629","description":"\u0645\u064a\u062f\u064a\u0627 \u0643\u0648\u0645 ... \u062c\u0631\u064a\u062f\u0629 \u0625\u0644\u0643\u062a\u0631\u0648\u0646\u064a\u0629 ... \u0634\u0627\u0645\u0644\u0629","potentialAction":[{"@type":"SearchAction","target":{"@type":"EntryPoint","urlTemplate":"https:\/\/mco.ma\/?s={search_term_string}"},"query-input":"required name=search_term_string"}],"inLanguage":"ar"},{"@type":"Person","@id":"https:\/\/mco.ma\/#\/schema\/person\/8aee0076b9220496e683a61369a0b0e8","name":"ADMIN MCO","image":{"@type":"ImageObject","inLanguage":"ar","@id":"https:\/\/mco.ma\/#\/schema\/person\/image\/","url":"https:\/\/secure.gravatar.com\/avatar\/3f01521dc8f825244d98e8be22bf5598?s=96&d=mm&r=g","contentUrl":"https:\/\/secure.gravatar.com\/avatar\/3f01521dc8f825244d98e8be22bf5598?s=96&d=mm&r=g","caption":"ADMIN MCO"},"url":"https:\/\/mco.ma\/?author=2"}]}},"amp_enabled":true,"_links":{"self":[{"href":"https:\/\/mco.ma\/index.php?rest_route=\/wp\/v2\/posts\/2458"}],"collection":[{"href":"https:\/\/mco.ma\/index.php?rest_route=\/wp\/v2\/posts"}],"about":[{"href":"https:\/\/mco.ma\/index.php?rest_route=\/wp\/v2\/types\/post"}],"author":[{"embeddable":true,"href":"https:\/\/mco.ma\/index.php?rest_route=\/wp\/v2\/users\/2"}],"replies":[{"embeddable":true,"href":"https:\/\/mco.ma\/index.php?rest_route=%2Fwp%2Fv2%2Fcomments&post=2458"}],"version-history":[{"count":1,"href":"https:\/\/mco.ma\/index.php?rest_route=\/wp\/v2\/posts\/2458\/revisions"}],"predecessor-version":[{"id":2460,"href":"https:\/\/mco.ma\/index.php?rest_route=\/wp\/v2\/posts\/2458\/revisions\/2460"}],"wp:featuredmedia":[{"embeddable":true,"href":"https:\/\/mco.ma\/index.php?rest_route=\/wp\/v2\/media\/2459"}],"wp:attachment":[{"href":"https:\/\/mco.ma\/index.php?rest_route=%2Fwp%2Fv2%2Fmedia&parent=2458"}],"wp:term":[{"taxonomy":"category","embeddable":true,"href":"https:\/\/mco.ma\/index.php?rest_route=%2Fwp%2Fv2%2Fcategories&post=2458"},{"taxonomy":"post_tag","embeddable":true,"href":"https:\/\/mco.ma\/index.php?rest_route=%2Fwp%2Fv2%2Ftags&post=2458"}],"curies":[{"name":"wp","href":"https:\/\/api.w.org\/{rel}","templated":true}]}}