{"id":2473,"date":"2020-02-28T23:29:21","date_gmt":"2020-02-28T23:29:21","guid":{"rendered":"http:\/\/www.mco.ma\/?p=2473"},"modified":"2020-02-28T23:29:22","modified_gmt":"2020-02-28T23:29:22","slug":"tribulations-du-regime-algerien-dongs-mais-aussi-de-la-presse-algerienne-soutenant-le-polisario-et-ouverture-dun-consulat-general-a-laayoune-par-le-burundi","status":"publish","type":"post","link":"https:\/\/mco.ma\/?p=2473","title":{"rendered":"Tribulations du r\u00e9gime alg\u00e9rien, d\u2019ONG\u2019s mais aussi de la presse alg\u00e9rienne soutenant le polisario et ouverture d\u2019un Consulat G\u00e9n\u00e9ral \u00e0 La\u00e2youne par le Burundi."},"content":{"rendered":"\n<p>Plusieurs centaines de s\u00e9questr\u00e9s Sahraouis de la Tribu Oulad Tidrarine ont observ\u00e9, le 25 f\u00e9vrier 2020 dans les camps de la honte \u00e0 Tindouf un sit-in pour d\u00e9noncer l\u2019implication des responsables du polisario dans l\u2019\u00e9vasion de deux d\u00e9tenus accus\u00e9s du meurtre d\u2019un de leur membre.<\/p>\n\n\n\n<p>Ce sit-in s\u2019est d\u00e9roul\u00e9 au \u00ab camp Smara \u00bb o\u00f9 se d\u00e9roulera le soi-disant anniversaire de la proclamation de pseudo RASD un 27 f\u00e9vrier 1976 cr\u00e9\u00e9e par le Pr\u00e9sident alg\u00e9rien Boumedienne afin de nuire aux int\u00e9r\u00eats sup\u00e9rieurs du Maroc.<\/p>\n\n\n\n<p>Apr\u00e8s ce tour de chauffe, une nouvelle contestation a \u00e9t\u00e9 organis\u00e9e par des centaines de membres de la tribu Oulad Tidrarine, le 25 f\u00e9vrier 2020 dans le \u00ab camp Smara \u00bb sis \u00e0 Tindouf et ce, alors que le pr\u00e9tendu chef polisarien, Brahim Ghali, adoub\u00e9 de ses lieutenants, pr\u00e9sidait une c\u00e9r\u00e9monie.<\/p>\n\n\n\n<p>Ainsi, devant des \u00e9trangers venus \u00e0 l\u2019occasion, des centaines de Sahraouis s\u00e9questr\u00e9s dans les camps de la honte \u00e0 Tindouf ont r\u00e9clam\u00e9, le 27 f\u00e9vrier 2020, que justice soit rendue tout d\u00e9non\u00e7ant violemment la fuite des prisons du polisario de d\u00e9tenus condamn\u00e9s \u00e0 la peine capitale dans des affaires de meurtres gr\u00e2ce \u00e0 la complicit\u00e9 de leurs puissants relais au sein de la direction polisarienne.<\/p>\n\n\n\n<p>Cette contestation des Sahraouis marocains embastill\u00e9s dans les camps de la mort de Tindouf a g\u00e2ch\u00e9 ces fictives festivit\u00e9s du polisario au point que des miliciens polisariens arm\u00e9s ont tent\u00e9 d\u2019emp\u00eacher les protestataires d\u2019atteindre la tribune r\u00e9serv\u00e9e au mercenaire Brahim Ghali et \u00e0 ses convives.<\/p>\n\n\n\n<p>Une confrontation qui s\u2019est sold\u00e9e par la mort d\u2019un mercenaire polisarien et l\u2019arrestation de dizaines de manifestants qui scandaient des slogans appelant \u00e0 la condamnation des personnes impliqu\u00e9es dans ces affaires de meurtre et d\u2019\u00e9vasion, ont \u00e9t\u00e9 rejoints spontan\u00e9ment par des \u00e9trangers qui participaient au \u00ab Sahara marathon \u00bb, dans ledit \u00ab camp de Smara \u00bb, o\u00f9 ils ont pris des photos et film\u00e9 quelques sc\u00e8nes des accrochages entre les civils et les milices arm\u00e9es.<\/p>\n\n\n\n<p>Ces protestations se d\u00e9roulent alors qu\u2019Amnesty International a accus\u00e9 les chefs du polisario de la r\u00e9pression brutale des protestations et sont \u00e9galement point\u00e9 du doigt par cette organisation internationale d\u2019utiliser des chars et des blind\u00e9s fournis par l\u2019arm\u00e9e alg\u00e9rienne pour disperser des sit-in et des manifestations pacifiques, organis\u00e9es pour d\u00e9noncer les restrictions de d\u00e9placement en dehors des camps, tout en ayant recours aux enl\u00e8vements des opposants afin d\u2019intimider les protestataires et mettre fin aux manifestations.<\/p>\n\n\n\n<p>Les Sahraouis marocains, s\u00e9questr\u00e9s depuis quatre d\u00e9cennies dans les camps de la honte de Tindouf, une prison \u00e0 ciel ouvert, sont dans un \u00e9tat critique suite \u00e0 la maltraitance ainsi qu\u2019aux multiples abus pervers, o\u00f9 seuls leurs ge\u00f4liers polisariens et leurs acolytes profitent de cette situation macabre.<\/p>\n\n\n\n<p>Des ONG\u2019s alertent sur les conditions de vie difficiles des hommes, des femmes et enfants qui n\u2019ont jamais pu quitter les camps de Tindouf depuis leur naissance n\u00e9cessitant une intervention internationale et multiforme pour les rapatrier \u00e0 leur pays d\u2019origine le Royaume du Maroc, afin de mettre fin \u00e0 leurs souffrances physiques et psychiques.<\/p>\n\n\n\n<p>Aussi, face \u00e0 l\u2019opposition grandissante dans les camps, la direction des mercenaires poisariens a mis la pression sur l\u2019Alg\u00e9rie pour l\u2019\u00e9rection d\u2019un mur, truff\u00e9 de mines, tout autour du p\u00e9rim\u00e8tre de Tindouf et les caravanes humanitaires, destin\u00e9es ces derniers temps aux camps des s\u00e9questr\u00e9s Sahraouis marocains de Tindouf, sont des manipulations machiav\u00e9liques pour leurrer l\u2019opinion internationale.<\/p>\n\n\n\n<p>Brahim Ghali, un tortionnaire notoire, avec son cercle de commandement cruel, qui maintiennent le statu quo pour leurs propres profits financiers, doivent \u00eatre poursuivis et jug\u00e9s par la cour p\u00e9nale internationale pour crime contre l\u2019Humanit\u00e9.<\/p>\n\n\n\n<p>La position du Royaume du Maroc concernant ce conflit est claire et elle est soutenue par diff\u00e9rents pays, l\u2019ONU, Union Europ\u00e9enne et les instances internationales.<\/p>\n\n\n\n<p>D\u2019ailleurs de nombreux pays frappent \u00e0 la porte du Maroc pour ouvrir un Consulat dans les provinces sahariennes marocaines. Dernier pays en date du 28 f\u00e9vrier 2020 \u00e0 ouvrir un Consulat G\u00e9n\u00e9ral est le Burundi. De quoi faire chialer \u00e0 tire la rigole les responsables alg\u00e9riens et son Pr\u00e9sident, parti qu\u00e9mander un soutien financier \u00e0 l\u2019Arabie Saoudite, et momifier les terroristes polisariens. Une nouvelle ouverture d\u2019une repr\u00e9sentation diplomatique qui sape toute cr\u00e9dibilit\u00e9 du polisario et met \u00e0 mal le r\u00e9gime alg\u00e9rien, principal soutien de cette entit\u00e9 fantoche.<br>\nFarid Mnebhi.    <\/p>\n","protected":false},"excerpt":{"rendered":"<p>Plusieurs centaines de s\u00e9questr\u00e9s Sahraouis de la Tribu Oulad Tidrarine ont observ\u00e9, le 25 f\u00e9vrier 2020 dans les camps de la honte \u00e0 Tindouf un sit-in pour d\u00e9noncer l\u2019implication des responsables du polisario dans l\u2019\u00e9vasion de deux d\u00e9tenus accus\u00e9s du meurtre d\u2019un de leur membre. Ce sit-in s\u2019est d\u00e9roul\u00e9 au \u00ab camp Smara \u00bb o\u00f9 &hellip;<\/p>\n","protected":false},"author":2,"featured_media":2474,"comment_status":"open","ping_status":"open","sticky":false,"template":"","format":"standard","meta":{"_bbp_topic_count":0,"_bbp_reply_count":0,"_bbp_total_topic_count":0,"_bbp_total_reply_count":0,"_bbp_voice_count":0,"_bbp_anonymous_reply_count":0,"_bbp_topic_count_hidden":0,"_bbp_reply_count_hidden":0,"_bbp_forum_subforum_count":0,"_wp_rev_ctl_limit":""},"categories":[28,17,38],"tags":[],"yoast_head":"<!-- This site is optimized with the Yoast SEO plugin v19.13 - https:\/\/yoast.com\/wordpress\/plugins\/seo\/ -->\n<title>Tribulations du r\u00e9gime alg\u00e9rien, d\u2019ONG\u2019s mais aussi de la presse alg\u00e9rienne soutenant le polisario et ouverture d\u2019un Consulat G\u00e9n\u00e9ral \u00e0 La\u00e2youne par le Burundi. - \u0645\u064a\u062f\u064a\u0627 \u0643\u0648\u0645 - \u062c\u0631\u064a\u062f\u0629 \u0625\u0644\u0643\u062a\u0631\u0648\u0646\u064a\u0629<\/title>\n<meta name=\"robots\" content=\"index, follow, max-snippet:-1, max-image-preview:large, max-video-preview:-1\" \/>\n<link rel=\"canonical\" href=\"https:\/\/mco.ma\/?p=2473\" \/>\n<meta property=\"og:locale\" content=\"ar_AR\" \/>\n<meta property=\"og:type\" content=\"article\" \/>\n<meta property=\"og:title\" content=\"Tribulations du r\u00e9gime alg\u00e9rien, d\u2019ONG\u2019s mais aussi de la presse alg\u00e9rienne soutenant le polisario et ouverture d\u2019un Consulat G\u00e9n\u00e9ral \u00e0 La\u00e2youne par le Burundi. - \u0645\u064a\u062f\u064a\u0627 \u0643\u0648\u0645 - \u062c\u0631\u064a\u062f\u0629 \u0625\u0644\u0643\u062a\u0631\u0648\u0646\u064a\u0629\" \/>\n<meta property=\"og:description\" content=\"Plusieurs centaines de s\u00e9questr\u00e9s Sahraouis de la Tribu Oulad Tidrarine ont observ\u00e9, le 25 f\u00e9vrier 2020 dans les camps de la honte \u00e0 Tindouf un sit-in pour d\u00e9noncer l\u2019implication des responsables du polisario dans l\u2019\u00e9vasion de deux d\u00e9tenus accus\u00e9s du meurtre d\u2019un de leur membre. Ce sit-in s\u2019est d\u00e9roul\u00e9 au \u00ab camp Smara \u00bb o\u00f9 &hellip;\" \/>\n<meta property=\"og:url\" content=\"https:\/\/mco.ma\/?p=2473\" \/>\n<meta property=\"og:site_name\" content=\"\u0645\u064a\u062f\u064a\u0627 \u0643\u0648\u0645 - \u062c\u0631\u064a\u062f\u0629 \u0625\u0644\u0643\u062a\u0631\u0648\u0646\u064a\u0629\" \/>\n<meta property=\"article:published_time\" content=\"2020-02-28T23:29:21+00:00\" \/>\n<meta property=\"article:modified_time\" content=\"2020-02-28T23:29:22+00:00\" \/>\n<meta property=\"og:image\" content=\"https:\/\/mco.ma\/wp-content\/uploads\/2020\/02\/tindouf_manif.jpg\" \/>\n\t<meta property=\"og:image:width\" content=\"588\" \/>\n\t<meta property=\"og:image:height\" content=\"331\" \/>\n\t<meta property=\"og:image:type\" content=\"image\/jpeg\" \/>\n<meta name=\"author\" content=\"ADMIN MCO\" \/>\n<meta name=\"twitter:card\" content=\"summary_large_image\" \/>\n<meta name=\"twitter:label1\" content=\"\u0643\u064f\u062a\u0628 \u0628\u0648\u0627\u0633\u0637\u0629\" \/>\n\t<meta name=\"twitter:data1\" content=\"ADMIN MCO\" \/>\n\t<meta name=\"twitter:label2\" content=\"\u0648\u0642\u062a \u0627\u0644\u0642\u0631\u0627\u0621\u0629 \u0627\u0644\u0645\u064f\u0642\u062f\u0651\u0631\" \/>\n\t<meta name=\"twitter:data2\" content=\"4 \u062f\u0642\u0627\u0626\u0642\" \/>\n<script type=\"application\/ld+json\" class=\"yoast-schema-graph\">{\"@context\":\"https:\/\/schema.org\",\"@graph\":[{\"@type\":\"WebPage\",\"@id\":\"https:\/\/mco.ma\/?p=2473\",\"url\":\"https:\/\/mco.ma\/?p=2473\",\"name\":\"Tribulations du r\u00e9gime alg\u00e9rien, d\u2019ONG\u2019s mais aussi de la presse alg\u00e9rienne soutenant le polisario et ouverture d\u2019un Consulat G\u00e9n\u00e9ral \u00e0 La\u00e2youne par le Burundi. - \u0645\u064a\u062f\u064a\u0627 \u0643\u0648\u0645 - \u062c\u0631\u064a\u062f\u0629 \u0625\u0644\u0643\u062a\u0631\u0648\u0646\u064a\u0629\",\"isPartOf\":{\"@id\":\"https:\/\/mco.ma\/#website\"},\"datePublished\":\"2020-02-28T23:29:21+00:00\",\"dateModified\":\"2020-02-28T23:29:22+00:00\",\"author\":{\"@id\":\"https:\/\/mco.ma\/#\/schema\/person\/8aee0076b9220496e683a61369a0b0e8\"},\"breadcrumb\":{\"@id\":\"https:\/\/mco.ma\/?p=2473#breadcrumb\"},\"inLanguage\":\"ar\",\"potentialAction\":[{\"@type\":\"ReadAction\",\"target\":[\"https:\/\/mco.ma\/?p=2473\"]}]},{\"@type\":\"BreadcrumbList\",\"@id\":\"https:\/\/mco.ma\/?p=2473#breadcrumb\",\"itemListElement\":[{\"@type\":\"ListItem\",\"position\":1,\"name\":\"Home\",\"item\":\"https:\/\/mco.ma\/\"},{\"@type\":\"ListItem\",\"position\":2,\"name\":\"Tribulations du r\u00e9gime alg\u00e9rien, d\u2019ONG\u2019s mais aussi de la presse alg\u00e9rienne soutenant le polisario et ouverture d\u2019un Consulat G\u00e9n\u00e9ral \u00e0 La\u00e2youne par le Burundi.\"}]},{\"@type\":\"WebSite\",\"@id\":\"https:\/\/mco.ma\/#website\",\"url\":\"https:\/\/mco.ma\/\",\"name\":\"\u0645\u064a\u062f\u064a\u0627 \u0643\u0648\u0645 - \u062c\u0631\u064a\u062f\u0629 \u0625\u0644\u0643\u062a\u0631\u0648\u0646\u064a\u0629\",\"description\":\"\u0645\u064a\u062f\u064a\u0627 \u0643\u0648\u0645 ... \u062c\u0631\u064a\u062f\u0629 \u0625\u0644\u0643\u062a\u0631\u0648\u0646\u064a\u0629 ... \u0634\u0627\u0645\u0644\u0629\",\"potentialAction\":[{\"@type\":\"SearchAction\",\"target\":{\"@type\":\"EntryPoint\",\"urlTemplate\":\"https:\/\/mco.ma\/?s={search_term_string}\"},\"query-input\":\"required name=search_term_string\"}],\"inLanguage\":\"ar\"},{\"@type\":\"Person\",\"@id\":\"https:\/\/mco.ma\/#\/schema\/person\/8aee0076b9220496e683a61369a0b0e8\",\"name\":\"ADMIN MCO\",\"image\":{\"@type\":\"ImageObject\",\"inLanguage\":\"ar\",\"@id\":\"https:\/\/mco.ma\/#\/schema\/person\/image\/\",\"url\":\"https:\/\/secure.gravatar.com\/avatar\/3f01521dc8f825244d98e8be22bf5598?s=96&d=mm&r=g\",\"contentUrl\":\"https:\/\/secure.gravatar.com\/avatar\/3f01521dc8f825244d98e8be22bf5598?s=96&d=mm&r=g\",\"caption\":\"ADMIN MCO\"},\"url\":\"https:\/\/mco.ma\/?author=2\"}]}<\/script>\n<!-- \/ Yoast SEO plugin. -->","yoast_head_json":{"title":"Tribulations du r\u00e9gime alg\u00e9rien, d\u2019ONG\u2019s mais aussi de la presse alg\u00e9rienne soutenant le polisario et ouverture d\u2019un Consulat G\u00e9n\u00e9ral \u00e0 La\u00e2youne par le Burundi. - \u0645\u064a\u062f\u064a\u0627 \u0643\u0648\u0645 - \u062c\u0631\u064a\u062f\u0629 \u0625\u0644\u0643\u062a\u0631\u0648\u0646\u064a\u0629","robots":{"index":"index","follow":"follow","max-snippet":"max-snippet:-1","max-image-preview":"max-image-preview:large","max-video-preview":"max-video-preview:-1"},"canonical":"https:\/\/mco.ma\/?p=2473","og_locale":"ar_AR","og_type":"article","og_title":"Tribulations du r\u00e9gime alg\u00e9rien, d\u2019ONG\u2019s mais aussi de la presse alg\u00e9rienne soutenant le polisario et ouverture d\u2019un Consulat G\u00e9n\u00e9ral \u00e0 La\u00e2youne par le Burundi. - \u0645\u064a\u062f\u064a\u0627 \u0643\u0648\u0645 - \u062c\u0631\u064a\u062f\u0629 \u0625\u0644\u0643\u062a\u0631\u0648\u0646\u064a\u0629","og_description":"Plusieurs centaines de s\u00e9questr\u00e9s Sahraouis de la Tribu Oulad Tidrarine ont observ\u00e9, le 25 f\u00e9vrier 2020 dans les camps de la honte \u00e0 Tindouf un sit-in pour d\u00e9noncer l\u2019implication des responsables du polisario dans l\u2019\u00e9vasion de deux d\u00e9tenus accus\u00e9s du meurtre d\u2019un de leur membre. Ce sit-in s\u2019est d\u00e9roul\u00e9 au \u00ab camp Smara \u00bb o\u00f9 &hellip;","og_url":"https:\/\/mco.ma\/?p=2473","og_site_name":"\u0645\u064a\u062f\u064a\u0627 \u0643\u0648\u0645 - \u062c\u0631\u064a\u062f\u0629 \u0625\u0644\u0643\u062a\u0631\u0648\u0646\u064a\u0629","article_published_time":"2020-02-28T23:29:21+00:00","article_modified_time":"2020-02-28T23:29:22+00:00","og_image":[{"width":588,"height":331,"url":"https:\/\/mco.ma\/wp-content\/uploads\/2020\/02\/tindouf_manif.jpg","type":"image\/jpeg"}],"author":"ADMIN MCO","twitter_card":"summary_large_image","twitter_misc":{"\u0643\u064f\u062a\u0628 \u0628\u0648\u0627\u0633\u0637\u0629":"ADMIN MCO","\u0648\u0642\u062a \u0627\u0644\u0642\u0631\u0627\u0621\u0629 \u0627\u0644\u0645\u064f\u0642\u062f\u0651\u0631":"4 \u062f\u0642\u0627\u0626\u0642"},"schema":{"@context":"https:\/\/schema.org","@graph":[{"@type":"WebPage","@id":"https:\/\/mco.ma\/?p=2473","url":"https:\/\/mco.ma\/?p=2473","name":"Tribulations du r\u00e9gime alg\u00e9rien, d\u2019ONG\u2019s mais aussi de la presse alg\u00e9rienne soutenant le polisario et ouverture d\u2019un Consulat G\u00e9n\u00e9ral \u00e0 La\u00e2youne par le Burundi. - \u0645\u064a\u062f\u064a\u0627 \u0643\u0648\u0645 - \u062c\u0631\u064a\u062f\u0629 \u0625\u0644\u0643\u062a\u0631\u0648\u0646\u064a\u0629","isPartOf":{"@id":"https:\/\/mco.ma\/#website"},"datePublished":"2020-02-28T23:29:21+00:00","dateModified":"2020-02-28T23:29:22+00:00","author":{"@id":"https:\/\/mco.ma\/#\/schema\/person\/8aee0076b9220496e683a61369a0b0e8"},"breadcrumb":{"@id":"https:\/\/mco.ma\/?p=2473#breadcrumb"},"inLanguage":"ar","potentialAction":[{"@type":"ReadAction","target":["https:\/\/mco.ma\/?p=2473"]}]},{"@type":"BreadcrumbList","@id":"https:\/\/mco.ma\/?p=2473#breadcrumb","itemListElement":[{"@type":"ListItem","position":1,"name":"Home","item":"https:\/\/mco.ma\/"},{"@type":"ListItem","position":2,"name":"Tribulations du r\u00e9gime alg\u00e9rien, d\u2019ONG\u2019s mais aussi de la presse alg\u00e9rienne soutenant le polisario et ouverture d\u2019un Consulat G\u00e9n\u00e9ral \u00e0 La\u00e2youne par le Burundi."}]},{"@type":"WebSite","@id":"https:\/\/mco.ma\/#website","url":"https:\/\/mco.ma\/","name":"\u0645\u064a\u062f\u064a\u0627 \u0643\u0648\u0645 - \u062c\u0631\u064a\u062f\u0629 \u0625\u0644\u0643\u062a\u0631\u0648\u0646\u064a\u0629","description":"\u0645\u064a\u062f\u064a\u0627 \u0643\u0648\u0645 ... \u062c\u0631\u064a\u062f\u0629 \u0625\u0644\u0643\u062a\u0631\u0648\u0646\u064a\u0629 ... \u0634\u0627\u0645\u0644\u0629","potentialAction":[{"@type":"SearchAction","target":{"@type":"EntryPoint","urlTemplate":"https:\/\/mco.ma\/?s={search_term_string}"},"query-input":"required name=search_term_string"}],"inLanguage":"ar"},{"@type":"Person","@id":"https:\/\/mco.ma\/#\/schema\/person\/8aee0076b9220496e683a61369a0b0e8","name":"ADMIN MCO","image":{"@type":"ImageObject","inLanguage":"ar","@id":"https:\/\/mco.ma\/#\/schema\/person\/image\/","url":"https:\/\/secure.gravatar.com\/avatar\/3f01521dc8f825244d98e8be22bf5598?s=96&d=mm&r=g","contentUrl":"https:\/\/secure.gravatar.com\/avatar\/3f01521dc8f825244d98e8be22bf5598?s=96&d=mm&r=g","caption":"ADMIN MCO"},"url":"https:\/\/mco.ma\/?author=2"}]}},"amp_enabled":true,"_links":{"self":[{"href":"https:\/\/mco.ma\/index.php?rest_route=\/wp\/v2\/posts\/2473"}],"collection":[{"href":"https:\/\/mco.ma\/index.php?rest_route=\/wp\/v2\/posts"}],"about":[{"href":"https:\/\/mco.ma\/index.php?rest_route=\/wp\/v2\/types\/post"}],"author":[{"embeddable":true,"href":"https:\/\/mco.ma\/index.php?rest_route=\/wp\/v2\/users\/2"}],"replies":[{"embeddable":true,"href":"https:\/\/mco.ma\/index.php?rest_route=%2Fwp%2Fv2%2Fcomments&post=2473"}],"version-history":[{"count":1,"href":"https:\/\/mco.ma\/index.php?rest_route=\/wp\/v2\/posts\/2473\/revisions"}],"predecessor-version":[{"id":2475,"href":"https:\/\/mco.ma\/index.php?rest_route=\/wp\/v2\/posts\/2473\/revisions\/2475"}],"wp:featuredmedia":[{"embeddable":true,"href":"https:\/\/mco.ma\/index.php?rest_route=\/wp\/v2\/media\/2474"}],"wp:attachment":[{"href":"https:\/\/mco.ma\/index.php?rest_route=%2Fwp%2Fv2%2Fmedia&parent=2473"}],"wp:term":[{"taxonomy":"category","embeddable":true,"href":"https:\/\/mco.ma\/index.php?rest_route=%2Fwp%2Fv2%2Fcategories&post=2473"},{"taxonomy":"post_tag","embeddable":true,"href":"https:\/\/mco.ma\/index.php?rest_route=%2Fwp%2Fv2%2Ftags&post=2473"}],"curies":[{"name":"wp","href":"https:\/\/api.w.org\/{rel}","templated":true}]}}