{"id":2476,"date":"2020-02-28T23:35:30","date_gmt":"2020-02-28T23:35:30","guid":{"rendered":"http:\/\/www.mco.ma\/?p=2476"},"modified":"2020-02-28T23:35:31","modified_gmt":"2020-02-28T23:35:31","slug":"secousse-tellurique-ressenti-dans-la-ville-difrane","status":"publish","type":"post","link":"https:\/\/mco.ma\/?p=2476","title":{"rendered":"SECOUSSE TELLURIQUE RESSENTI DANS LA VILLE D\u2019IFRANE"},"content":{"rendered":"\n<pre class=\"wp-block-code\"><code> Vendredi 28 f\u00e9vrier 2020 vers 12h41mn32s, une secousse tellurique a \u00e9t\u00e9 ressentie par tes citoyens au niveau de la ville d\u2019Ifrane. Selon l'Institut national de g\u00e9ophysique (IGN) ; l\u2019\u00e9picentre de la secousse a eu lieu au Sud West de Sefrou avec une latitude et longitude respective de 33,6297\u00b0 Nord sur 5,0167\u00b0 Ouest et d\u2019une profondeur de 1,0 Km et une magnitude de 3,0.\n Selon la m\u00eame source, l\u2019\u00c9nergie lib\u00e9r\u00e9e a \u00e9t\u00e9 estim\u00e9e \u00e0 2 * 10 ^ 9 J (554 KWh \/ 0,477 tonne de TNT) et le Volcan le plus proche est le  Champ volcanique d'Azrou \u00e015 km.\n                                                                           Mohammed Drihem<\/code><\/pre>\n","protected":false},"excerpt":{"rendered":"<p>Vendredi 28 f\u00e9vrier 2020 vers 12h41mn32s, une secousse tellurique a \u00e9t\u00e9 ressentie par tes citoyens au niveau de la ville d\u2019Ifrane. Selon l&#8217;Institut national de g\u00e9ophysique (IGN) ; l\u2019\u00e9picentre de la secousse a eu lieu au Sud West de Sefrou avec une latitude et longitude respective de 33,6297\u00b0 Nord sur 5,0167\u00b0 Ouest et d\u2019une profondeur &hellip;<\/p>\n","protected":false},"author":2,"featured_media":2477,"comment_status":"open","ping_status":"open","sticky":false,"template":"","format":"standard","meta":{"_bbp_topic_count":0,"_bbp_reply_count":0,"_bbp_total_topic_count":0,"_bbp_total_reply_count":0,"_bbp_voice_count":0,"_bbp_anonymous_reply_count":0,"_bbp_topic_count_hidden":0,"_bbp_reply_count_hidden":0,"_bbp_forum_subforum_count":0,"_wp_rev_ctl_limit":""},"categories":[20,38],"tags":[],"yoast_head":"<!-- This site is optimized with the Yoast SEO plugin v19.13 - https:\/\/yoast.com\/wordpress\/plugins\/seo\/ -->\n<title>SECOUSSE TELLURIQUE RESSENTI DANS LA VILLE D\u2019IFRANE - \u0645\u064a\u062f\u064a\u0627 \u0643\u0648\u0645 - \u062c\u0631\u064a\u062f\u0629 \u0625\u0644\u0643\u062a\u0631\u0648\u0646\u064a\u0629<\/title>\n<meta name=\"robots\" content=\"index, follow, max-snippet:-1, max-image-preview:large, max-video-preview:-1\" \/>\n<link rel=\"canonical\" href=\"https:\/\/mco.ma\/?p=2476\" \/>\n<meta property=\"og:locale\" content=\"ar_AR\" \/>\n<meta property=\"og:type\" content=\"article\" \/>\n<meta property=\"og:title\" content=\"SECOUSSE TELLURIQUE RESSENTI DANS LA VILLE D\u2019IFRANE - \u0645\u064a\u062f\u064a\u0627 \u0643\u0648\u0645 - \u062c\u0631\u064a\u062f\u0629 \u0625\u0644\u0643\u062a\u0631\u0648\u0646\u064a\u0629\" \/>\n<meta property=\"og:description\" content=\"Vendredi 28 f\u00e9vrier 2020 vers 12h41mn32s, une secousse tellurique a \u00e9t\u00e9 ressentie par tes citoyens au niveau de la ville d\u2019Ifrane. Selon l&#039;Institut national de g\u00e9ophysique (IGN) ; l\u2019\u00e9picentre de la secousse a eu lieu au Sud West de Sefrou avec une latitude et longitude respective de 33,6297\u00b0 Nord sur 5,0167\u00b0 Ouest et d\u2019une profondeur &hellip;\" \/>\n<meta property=\"og:url\" content=\"https:\/\/mco.ma\/?p=2476\" \/>\n<meta property=\"og:site_name\" content=\"\u0645\u064a\u062f\u064a\u0627 \u0643\u0648\u0645 - \u062c\u0631\u064a\u062f\u0629 \u0625\u0644\u0643\u062a\u0631\u0648\u0646\u064a\u0629\" \/>\n<meta property=\"article:published_time\" content=\"2020-02-28T23:35:30+00:00\" \/>\n<meta property=\"article:modified_time\" content=\"2020-02-28T23:35:31+00:00\" \/>\n<meta property=\"og:image\" content=\"https:\/\/mco.ma\/wp-content\/uploads\/2020\/02\/sefrou_seisme.png\" \/>\n\t<meta property=\"og:image:width\" content=\"722\" \/>\n\t<meta property=\"og:image:height\" content=\"364\" \/>\n\t<meta property=\"og:image:type\" content=\"image\/png\" \/>\n<meta name=\"author\" content=\"ADMIN MCO\" \/>\n<meta name=\"twitter:card\" content=\"summary_large_image\" \/>\n<meta name=\"twitter:label1\" content=\"\u0643\u064f\u062a\u0628 \u0628\u0648\u0627\u0633\u0637\u0629\" \/>\n\t<meta name=\"twitter:data1\" content=\"ADMIN MCO\" \/>\n<script type=\"application\/ld+json\" class=\"yoast-schema-graph\">{\"@context\":\"https:\/\/schema.org\",\"@graph\":[{\"@type\":\"WebPage\",\"@id\":\"https:\/\/mco.ma\/?p=2476\",\"url\":\"https:\/\/mco.ma\/?p=2476\",\"name\":\"SECOUSSE TELLURIQUE RESSENTI DANS LA VILLE D\u2019IFRANE - \u0645\u064a\u062f\u064a\u0627 \u0643\u0648\u0645 - \u062c\u0631\u064a\u062f\u0629 \u0625\u0644\u0643\u062a\u0631\u0648\u0646\u064a\u0629\",\"isPartOf\":{\"@id\":\"https:\/\/mco.ma\/#website\"},\"datePublished\":\"2020-02-28T23:35:30+00:00\",\"dateModified\":\"2020-02-28T23:35:31+00:00\",\"author\":{\"@id\":\"https:\/\/mco.ma\/#\/schema\/person\/8aee0076b9220496e683a61369a0b0e8\"},\"breadcrumb\":{\"@id\":\"https:\/\/mco.ma\/?p=2476#breadcrumb\"},\"inLanguage\":\"ar\",\"potentialAction\":[{\"@type\":\"ReadAction\",\"target\":[\"https:\/\/mco.ma\/?p=2476\"]}]},{\"@type\":\"BreadcrumbList\",\"@id\":\"https:\/\/mco.ma\/?p=2476#breadcrumb\",\"itemListElement\":[{\"@type\":\"ListItem\",\"position\":1,\"name\":\"Home\",\"item\":\"https:\/\/mco.ma\/\"},{\"@type\":\"ListItem\",\"position\":2,\"name\":\"SECOUSSE TELLURIQUE RESSENTI DANS LA VILLE D\u2019IFRANE\"}]},{\"@type\":\"WebSite\",\"@id\":\"https:\/\/mco.ma\/#website\",\"url\":\"https:\/\/mco.ma\/\",\"name\":\"\u0645\u064a\u062f\u064a\u0627 \u0643\u0648\u0645 - \u062c\u0631\u064a\u062f\u0629 \u0625\u0644\u0643\u062a\u0631\u0648\u0646\u064a\u0629\",\"description\":\"\u0645\u064a\u062f\u064a\u0627 \u0643\u0648\u0645 ... \u062c\u0631\u064a\u062f\u0629 \u0625\u0644\u0643\u062a\u0631\u0648\u0646\u064a\u0629 ... \u0634\u0627\u0645\u0644\u0629\",\"potentialAction\":[{\"@type\":\"SearchAction\",\"target\":{\"@type\":\"EntryPoint\",\"urlTemplate\":\"https:\/\/mco.ma\/?s={search_term_string}\"},\"query-input\":\"required name=search_term_string\"}],\"inLanguage\":\"ar\"},{\"@type\":\"Person\",\"@id\":\"https:\/\/mco.ma\/#\/schema\/person\/8aee0076b9220496e683a61369a0b0e8\",\"name\":\"ADMIN MCO\",\"image\":{\"@type\":\"ImageObject\",\"inLanguage\":\"ar\",\"@id\":\"https:\/\/mco.ma\/#\/schema\/person\/image\/\",\"url\":\"https:\/\/secure.gravatar.com\/avatar\/3f01521dc8f825244d98e8be22bf5598?s=96&d=mm&r=g\",\"contentUrl\":\"https:\/\/secure.gravatar.com\/avatar\/3f01521dc8f825244d98e8be22bf5598?s=96&d=mm&r=g\",\"caption\":\"ADMIN MCO\"},\"url\":\"https:\/\/mco.ma\/?author=2\"}]}<\/script>\n<!-- \/ Yoast SEO plugin. -->","yoast_head_json":{"title":"SECOUSSE TELLURIQUE RESSENTI DANS LA VILLE D\u2019IFRANE - \u0645\u064a\u062f\u064a\u0627 \u0643\u0648\u0645 - \u062c\u0631\u064a\u062f\u0629 \u0625\u0644\u0643\u062a\u0631\u0648\u0646\u064a\u0629","robots":{"index":"index","follow":"follow","max-snippet":"max-snippet:-1","max-image-preview":"max-image-preview:large","max-video-preview":"max-video-preview:-1"},"canonical":"https:\/\/mco.ma\/?p=2476","og_locale":"ar_AR","og_type":"article","og_title":"SECOUSSE TELLURIQUE RESSENTI DANS LA VILLE D\u2019IFRANE - \u0645\u064a\u062f\u064a\u0627 \u0643\u0648\u0645 - \u062c\u0631\u064a\u062f\u0629 \u0625\u0644\u0643\u062a\u0631\u0648\u0646\u064a\u0629","og_description":"Vendredi 28 f\u00e9vrier 2020 vers 12h41mn32s, une secousse tellurique a \u00e9t\u00e9 ressentie par tes citoyens au niveau de la ville d\u2019Ifrane. Selon l'Institut national de g\u00e9ophysique (IGN) ; l\u2019\u00e9picentre de la secousse a eu lieu au Sud West de Sefrou avec une latitude et longitude respective de 33,6297\u00b0 Nord sur 5,0167\u00b0 Ouest et d\u2019une profondeur &hellip;","og_url":"https:\/\/mco.ma\/?p=2476","og_site_name":"\u0645\u064a\u062f\u064a\u0627 \u0643\u0648\u0645 - \u062c\u0631\u064a\u062f\u0629 \u0625\u0644\u0643\u062a\u0631\u0648\u0646\u064a\u0629","article_published_time":"2020-02-28T23:35:30+00:00","article_modified_time":"2020-02-28T23:35:31+00:00","og_image":[{"width":722,"height":364,"url":"https:\/\/mco.ma\/wp-content\/uploads\/2020\/02\/sefrou_seisme.png","type":"image\/png"}],"author":"ADMIN MCO","twitter_card":"summary_large_image","twitter_misc":{"\u0643\u064f\u062a\u0628 \u0628\u0648\u0627\u0633\u0637\u0629":"ADMIN MCO"},"schema":{"@context":"https:\/\/schema.org","@graph":[{"@type":"WebPage","@id":"https:\/\/mco.ma\/?p=2476","url":"https:\/\/mco.ma\/?p=2476","name":"SECOUSSE TELLURIQUE RESSENTI DANS LA VILLE D\u2019IFRANE - \u0645\u064a\u062f\u064a\u0627 \u0643\u0648\u0645 - \u062c\u0631\u064a\u062f\u0629 \u0625\u0644\u0643\u062a\u0631\u0648\u0646\u064a\u0629","isPartOf":{"@id":"https:\/\/mco.ma\/#website"},"datePublished":"2020-02-28T23:35:30+00:00","dateModified":"2020-02-28T23:35:31+00:00","author":{"@id":"https:\/\/mco.ma\/#\/schema\/person\/8aee0076b9220496e683a61369a0b0e8"},"breadcrumb":{"@id":"https:\/\/mco.ma\/?p=2476#breadcrumb"},"inLanguage":"ar","potentialAction":[{"@type":"ReadAction","target":["https:\/\/mco.ma\/?p=2476"]}]},{"@type":"BreadcrumbList","@id":"https:\/\/mco.ma\/?p=2476#breadcrumb","itemListElement":[{"@type":"ListItem","position":1,"name":"Home","item":"https:\/\/mco.ma\/"},{"@type":"ListItem","position":2,"name":"SECOUSSE TELLURIQUE RESSENTI DANS LA VILLE D\u2019IFRANE"}]},{"@type":"WebSite","@id":"https:\/\/mco.ma\/#website","url":"https:\/\/mco.ma\/","name":"\u0645\u064a\u062f\u064a\u0627 \u0643\u0648\u0645 - \u062c\u0631\u064a\u062f\u0629 \u0625\u0644\u0643\u062a\u0631\u0648\u0646\u064a\u0629","description":"\u0645\u064a\u062f\u064a\u0627 \u0643\u0648\u0645 ... \u062c\u0631\u064a\u062f\u0629 \u0625\u0644\u0643\u062a\u0631\u0648\u0646\u064a\u0629 ... \u0634\u0627\u0645\u0644\u0629","potentialAction":[{"@type":"SearchAction","target":{"@type":"EntryPoint","urlTemplate":"https:\/\/mco.ma\/?s={search_term_string}"},"query-input":"required name=search_term_string"}],"inLanguage":"ar"},{"@type":"Person","@id":"https:\/\/mco.ma\/#\/schema\/person\/8aee0076b9220496e683a61369a0b0e8","name":"ADMIN MCO","image":{"@type":"ImageObject","inLanguage":"ar","@id":"https:\/\/mco.ma\/#\/schema\/person\/image\/","url":"https:\/\/secure.gravatar.com\/avatar\/3f01521dc8f825244d98e8be22bf5598?s=96&d=mm&r=g","contentUrl":"https:\/\/secure.gravatar.com\/avatar\/3f01521dc8f825244d98e8be22bf5598?s=96&d=mm&r=g","caption":"ADMIN MCO"},"url":"https:\/\/mco.ma\/?author=2"}]}},"amp_enabled":true,"_links":{"self":[{"href":"https:\/\/mco.ma\/index.php?rest_route=\/wp\/v2\/posts\/2476"}],"collection":[{"href":"https:\/\/mco.ma\/index.php?rest_route=\/wp\/v2\/posts"}],"about":[{"href":"https:\/\/mco.ma\/index.php?rest_route=\/wp\/v2\/types\/post"}],"author":[{"embeddable":true,"href":"https:\/\/mco.ma\/index.php?rest_route=\/wp\/v2\/users\/2"}],"replies":[{"embeddable":true,"href":"https:\/\/mco.ma\/index.php?rest_route=%2Fwp%2Fv2%2Fcomments&post=2476"}],"version-history":[{"count":1,"href":"https:\/\/mco.ma\/index.php?rest_route=\/wp\/v2\/posts\/2476\/revisions"}],"predecessor-version":[{"id":2478,"href":"https:\/\/mco.ma\/index.php?rest_route=\/wp\/v2\/posts\/2476\/revisions\/2478"}],"wp:featuredmedia":[{"embeddable":true,"href":"https:\/\/mco.ma\/index.php?rest_route=\/wp\/v2\/media\/2477"}],"wp:attachment":[{"href":"https:\/\/mco.ma\/index.php?rest_route=%2Fwp%2Fv2%2Fmedia&parent=2476"}],"wp:term":[{"taxonomy":"category","embeddable":true,"href":"https:\/\/mco.ma\/index.php?rest_route=%2Fwp%2Fv2%2Fcategories&post=2476"},{"taxonomy":"post_tag","embeddable":true,"href":"https:\/\/mco.ma\/index.php?rest_route=%2Fwp%2Fv2%2Ftags&post=2476"}],"curies":[{"name":"wp","href":"https:\/\/api.w.org\/{rel}","templated":true}]}}