{"id":2506,"date":"2020-03-05T23:09:12","date_gmt":"2020-03-05T23:09:12","guid":{"rendered":"http:\/\/www.mco.ma\/?p=2506"},"modified":"2020-03-05T23:09:13","modified_gmt":"2020-03-05T23:09:13","slug":"lancement-des-travaux-de-construction-dun-centre-medical-de-proximite-a-fes-par-le-roi-du-maroc","status":"publish","type":"post","link":"https:\/\/mco.ma\/?p=2506","title":{"rendered":"Lancement des travaux de construction d\u2019un Centre M\u00e9dical de Proximit\u00e9 \u00e0 F\u00e8s par le Roi du Maroc"},"content":{"rendered":"\n<p>Le quartier Bensouda de F\u00e8s a accueilli comme il se doit, le 04 mars 2020, le Roi Mohammed VI du Maroc qui a lanc\u00e9 les travaux de construction du Centre M\u00e9dical de Proximit\u00e9\u2013Fondation Mohammed V pour la Solidarit\u00e9 devant une imposante foule venue \u00e0 cette occasion.<\/p>\n\n\n\n<p>Ce projet solidaire, d\u2019un investissement de pr\u00e8s de 08 millions d\u2019Euros,  a pour objectif premier le renforcement de l\u2019offre sanitaire pour la population fassie et proc\u00e8de de la conviction profonde du Souverain marocain de faire du droit d\u2019acc\u00e8s aux services de sant\u00e9 un des piliers majeurs pour la consolidation de la citoyennet\u00e9 et de Sa volont\u00e9 d\u2019am\u00e9liorer les services de prise en charge m\u00e9dicale mais surtout de rapprocher les infrastructures de sant\u00e9 des populations issues des quartiers \u00e0 forte densit\u00e9 d\u00e9mographique.<\/p>\n\n\n\n<p>La r\u00e9alisation de ce projet s\u2019inscrit en droite ligne des efforts d\u00e9ploy\u00e9s par le Roi du Maroc pour am\u00e9liorer l\u2019acc\u00e8s des personnes d\u00e9munies \u00e0 des soins de sant\u00e9 de base de qualit\u00e9, \u00e0 acc\u00e9l\u00e9rer les interventions en cas d\u2019urgence m\u00e9dicale et \u00e0 assurer un suivi m\u00e9dical p\u00e9riodique et r\u00e9gulier des personnes dont l\u2019\u00e9tat de sant\u00e9 n\u00e9cessite des consultations sp\u00e9cialis\u00e9es.<\/p>\n\n\n\n<p>Ce futur Centre M\u00e9dical de Proximit\u00e9\u2013Fondation Mohammed V pour la Solidarit\u00e9 se veut \u00eatre une structure interm\u00e9diaire et devra desservir une population de plus de 300.000 habitants permettant ainsi d\u2019assurer davantage de compl\u00e9mentarit\u00e9 dans la carte sanitaire au niveau de la R\u00e9gion et d\u2019att\u00e9nuer la pression exerc\u00e9e sur les \u00e9tablissements hospitaliers existants, \u00e9vitant \u00e0 certaines personnes d\u00e9munies de longs d\u00e9placements qui ne feront qu\u2019alourdir davantage les charges de soins.<\/p>\n\n\n\n<p>Ce nouveau Centre, qui sera \u00e9rig\u00e9 sur un terrain de plus de 14.000 m2, comportera un p\u00f4le des urgences m\u00e9dicales de proximit\u00e9, un p\u00f4le des consultations sp\u00e9cialis\u00e9es, et un p\u00f4le m\u00e9dico-technique avec notamment un bloc op\u00e9ratoire. Il disposera aussi d\u2019un p\u00f4le de sant\u00e9 M\u00e8re-Enfant abritant une unit\u00e9 technique d\u2019accouchement et des salles d\u2019examen et de soins de nouveaux n\u00e9s, d\u2019une unit\u00e9 des soins de sant\u00e9 primaires, une unit\u00e9 de r\u00e9\u00e9ducation orthop\u00e9dique, une unit\u00e9 de soins bucco-dentaires, une unit\u00e9 d\u2019imagerie m\u00e9dicale, un laboratoire d\u2019analyses m\u00e9dicales et un p\u00f4le d\u2019hospitalisation, une pharmacie et une morgue.<\/p>\n\n\n\n<p>Fruit d\u2019un partenariat entre la Fondation Mohammed V pour la Solidarit\u00e9, le Minist\u00e8re de la Sant\u00e9, le Conseil r\u00e9gional de F\u00e8s-Mekn\u00e8s et le Conseil communal de F\u00e8s, ce projet, qui sera r\u00e9alis\u00e9 dans un d\u00e9lai de 24 mois, vient conforter les diff\u00e9rentes actions men\u00e9es par la Fondation dans le domaine m\u00e9dical et humanitaire, donnant ainsi la pleine mesure de son engagement multiforme et diversifi\u00e9 en faveur du bien-\u00eatre et de la prosp\u00e9rit\u00e9 des populations d\u00e9munies.<\/p>\n\n\n\n<p>A rappeler que le futur Centre m\u00e9dical de proximit\u00e9 du quartier Bensouda de F\u00e8s fait partie d\u2019un programme men\u00e9 par la Fondation Mohammed V pour la Solidarit\u00e9 pr\u00e9voyant la r\u00e9alisation au niveau du Maroc de dix Centres m\u00e9dicaux de proximit\u00e9 de ce genre afin de soutenir de soutenir le secteur m\u00e9dical national, \u00e0 travers notamment le renforcement de l\u2019offre de soins existante, la mise en place d\u2019une fili\u00e8re de soins de proximit\u00e9 et l\u2019int\u00e9gration d\u2019une approche sociale compl\u00e9mentaire dans les m\u00e9canismes d\u2019accompagnement des patients.<\/p>\n\n\n\n<p>A noter que le Centre M\u00e9dical de Proximit\u00e9\u2013Fondation Mohammed V pour la Solidarit\u00e9 du quartier Bensouda sis \u00e0 F\u00e8s vient ainsi s&#8217;ajouter aux Centres inaugur\u00e9s par le Roi Mohammed VI du Maroc aux quartiers El Youssoufia \u00e0 Rabat et Sidi Moumen \u00e0 Casablanca, \u00e0 ceux d\u00e9j\u00e0 achev\u00e9s \u00e0 T\u00e9mara, \u00e0 l\u2019arrondissement Beni Makada \u00e0 Tanger et \u00e0 la ville nouvelle d\u2019Errahma \u00e0 Casablanca, \u00e0 celui en cours de r\u00e9alisation \u00e0 Hay Karima \u00e0 Sal\u00e9, et \u00e0 ceux en cours de programmation au quartier de Lissassfa \u00e0 Casablanca, \u00e0 Agadir et \u00e0 Marrakech.<\/p>\n\n\n\n<p>Le Roi Mohammed VI a donn\u00e9, \u00e0 cette occasion, Ses Hautes Instructions pour la r\u00e9alisation par la Fondation Mohammed V Pour la Solidarit\u00e9 de deux Centres M\u00e9dicaux de Proximit\u00e9 suppl\u00e9mentaires \u00e0 F\u00e8s et \u00e0 Tanger.<\/p>\n\n\n\n<p>Farid Mnebhi.<\/p>\n","protected":false},"excerpt":{"rendered":"<p>Le quartier Bensouda de F\u00e8s a accueilli comme il se doit, le 04 mars 2020, le Roi Mohammed VI du Maroc qui a lanc\u00e9 les travaux de construction du Centre M\u00e9dical de Proximit\u00e9\u2013Fondation Mohammed V pour la Solidarit\u00e9 devant une imposante foule venue \u00e0 cette occasion. Ce projet solidaire, d\u2019un investissement de pr\u00e8s de 08 &hellip;<\/p>\n","protected":false},"author":2,"featured_media":2507,"comment_status":"open","ping_status":"open","sticky":false,"template":"","format":"standard","meta":{"_bbp_topic_count":0,"_bbp_reply_count":0,"_bbp_total_topic_count":0,"_bbp_total_reply_count":0,"_bbp_voice_count":0,"_bbp_anonymous_reply_count":0,"_bbp_topic_count_hidden":0,"_bbp_reply_count_hidden":0,"_bbp_forum_subforum_count":0,"_wp_rev_ctl_limit":""},"categories":[17,38],"tags":[],"yoast_head":"<!-- This site is optimized with the Yoast SEO plugin v19.13 - https:\/\/yoast.com\/wordpress\/plugins\/seo\/ -->\n<title>Lancement des travaux de construction d\u2019un Centre M\u00e9dical de Proximit\u00e9 \u00e0 F\u00e8s par le Roi du Maroc - \u0645\u064a\u062f\u064a\u0627 \u0643\u0648\u0645 - \u062c\u0631\u064a\u062f\u0629 \u0625\u0644\u0643\u062a\u0631\u0648\u0646\u064a\u0629<\/title>\n<meta name=\"robots\" content=\"index, follow, max-snippet:-1, max-image-preview:large, max-video-preview:-1\" \/>\n<link rel=\"canonical\" href=\"https:\/\/mco.ma\/?p=2506\" \/>\n<meta property=\"og:locale\" content=\"ar_AR\" \/>\n<meta property=\"og:type\" content=\"article\" \/>\n<meta property=\"og:title\" content=\"Lancement des travaux de construction d\u2019un Centre M\u00e9dical de Proximit\u00e9 \u00e0 F\u00e8s par le Roi du Maroc - \u0645\u064a\u062f\u064a\u0627 \u0643\u0648\u0645 - \u062c\u0631\u064a\u062f\u0629 \u0625\u0644\u0643\u062a\u0631\u0648\u0646\u064a\u0629\" \/>\n<meta property=\"og:description\" content=\"Le quartier Bensouda de F\u00e8s a accueilli comme il se doit, le 04 mars 2020, le Roi Mohammed VI du Maroc qui a lanc\u00e9 les travaux de construction du Centre M\u00e9dical de Proximit\u00e9\u2013Fondation Mohammed V pour la Solidarit\u00e9 devant une imposante foule venue \u00e0 cette occasion. Ce projet solidaire, d\u2019un investissement de pr\u00e8s de 08 &hellip;\" \/>\n<meta property=\"og:url\" content=\"https:\/\/mco.ma\/?p=2506\" \/>\n<meta property=\"og:site_name\" content=\"\u0645\u064a\u062f\u064a\u0627 \u0643\u0648\u0645 - \u062c\u0631\u064a\u062f\u0629 \u0625\u0644\u0643\u062a\u0631\u0648\u0646\u064a\u0629\" \/>\n<meta property=\"article:published_time\" content=\"2020-03-05T23:09:12+00:00\" \/>\n<meta property=\"article:modified_time\" content=\"2020-03-05T23:09:13+00:00\" \/>\n<meta property=\"og:image\" content=\"https:\/\/mco.ma\/wp-content\/uploads\/2020\/03\/aaaroi_fes.jpg\" \/>\n\t<meta property=\"og:image:width\" content=\"587\" \/>\n\t<meta property=\"og:image:height\" content=\"800\" \/>\n\t<meta property=\"og:image:type\" content=\"image\/jpeg\" \/>\n<meta name=\"author\" content=\"ADMIN MCO\" \/>\n<meta name=\"twitter:card\" content=\"summary_large_image\" \/>\n<meta name=\"twitter:label1\" content=\"\u0643\u064f\u062a\u0628 \u0628\u0648\u0627\u0633\u0637\u0629\" \/>\n\t<meta name=\"twitter:data1\" content=\"ADMIN MCO\" \/>\n\t<meta name=\"twitter:label2\" content=\"\u0648\u0642\u062a \u0627\u0644\u0642\u0631\u0627\u0621\u0629 \u0627\u0644\u0645\u064f\u0642\u062f\u0651\u0631\" \/>\n\t<meta name=\"twitter:data2\" content=\"4 \u062f\u0642\u0627\u0626\u0642\" \/>\n<script type=\"application\/ld+json\" class=\"yoast-schema-graph\">{\"@context\":\"https:\/\/schema.org\",\"@graph\":[{\"@type\":\"WebPage\",\"@id\":\"https:\/\/mco.ma\/?p=2506\",\"url\":\"https:\/\/mco.ma\/?p=2506\",\"name\":\"Lancement des travaux de construction d\u2019un Centre M\u00e9dical de Proximit\u00e9 \u00e0 F\u00e8s par le Roi du Maroc - \u0645\u064a\u062f\u064a\u0627 \u0643\u0648\u0645 - \u062c\u0631\u064a\u062f\u0629 \u0625\u0644\u0643\u062a\u0631\u0648\u0646\u064a\u0629\",\"isPartOf\":{\"@id\":\"https:\/\/mco.ma\/#website\"},\"datePublished\":\"2020-03-05T23:09:12+00:00\",\"dateModified\":\"2020-03-05T23:09:13+00:00\",\"author\":{\"@id\":\"https:\/\/mco.ma\/#\/schema\/person\/8aee0076b9220496e683a61369a0b0e8\"},\"breadcrumb\":{\"@id\":\"https:\/\/mco.ma\/?p=2506#breadcrumb\"},\"inLanguage\":\"ar\",\"potentialAction\":[{\"@type\":\"ReadAction\",\"target\":[\"https:\/\/mco.ma\/?p=2506\"]}]},{\"@type\":\"BreadcrumbList\",\"@id\":\"https:\/\/mco.ma\/?p=2506#breadcrumb\",\"itemListElement\":[{\"@type\":\"ListItem\",\"position\":1,\"name\":\"Home\",\"item\":\"https:\/\/mco.ma\/\"},{\"@type\":\"ListItem\",\"position\":2,\"name\":\"Lancement des travaux de construction d\u2019un Centre M\u00e9dical de Proximit\u00e9 \u00e0 F\u00e8s par le Roi du Maroc\"}]},{\"@type\":\"WebSite\",\"@id\":\"https:\/\/mco.ma\/#website\",\"url\":\"https:\/\/mco.ma\/\",\"name\":\"\u0645\u064a\u062f\u064a\u0627 \u0643\u0648\u0645 - \u062c\u0631\u064a\u062f\u0629 \u0625\u0644\u0643\u062a\u0631\u0648\u0646\u064a\u0629\",\"description\":\"\u0645\u064a\u062f\u064a\u0627 \u0643\u0648\u0645 ... \u062c\u0631\u064a\u062f\u0629 \u0625\u0644\u0643\u062a\u0631\u0648\u0646\u064a\u0629 ... \u0634\u0627\u0645\u0644\u0629\",\"potentialAction\":[{\"@type\":\"SearchAction\",\"target\":{\"@type\":\"EntryPoint\",\"urlTemplate\":\"https:\/\/mco.ma\/?s={search_term_string}\"},\"query-input\":\"required name=search_term_string\"}],\"inLanguage\":\"ar\"},{\"@type\":\"Person\",\"@id\":\"https:\/\/mco.ma\/#\/schema\/person\/8aee0076b9220496e683a61369a0b0e8\",\"name\":\"ADMIN MCO\",\"image\":{\"@type\":\"ImageObject\",\"inLanguage\":\"ar\",\"@id\":\"https:\/\/mco.ma\/#\/schema\/person\/image\/\",\"url\":\"https:\/\/secure.gravatar.com\/avatar\/3f01521dc8f825244d98e8be22bf5598?s=96&d=mm&r=g\",\"contentUrl\":\"https:\/\/secure.gravatar.com\/avatar\/3f01521dc8f825244d98e8be22bf5598?s=96&d=mm&r=g\",\"caption\":\"ADMIN MCO\"},\"url\":\"https:\/\/mco.ma\/?author=2\"}]}<\/script>\n<!-- \/ Yoast SEO plugin. -->","yoast_head_json":{"title":"Lancement des travaux de construction d\u2019un Centre M\u00e9dical de Proximit\u00e9 \u00e0 F\u00e8s par le Roi du Maroc - \u0645\u064a\u062f\u064a\u0627 \u0643\u0648\u0645 - \u062c\u0631\u064a\u062f\u0629 \u0625\u0644\u0643\u062a\u0631\u0648\u0646\u064a\u0629","robots":{"index":"index","follow":"follow","max-snippet":"max-snippet:-1","max-image-preview":"max-image-preview:large","max-video-preview":"max-video-preview:-1"},"canonical":"https:\/\/mco.ma\/?p=2506","og_locale":"ar_AR","og_type":"article","og_title":"Lancement des travaux de construction d\u2019un Centre M\u00e9dical de Proximit\u00e9 \u00e0 F\u00e8s par le Roi du Maroc - \u0645\u064a\u062f\u064a\u0627 \u0643\u0648\u0645 - \u062c\u0631\u064a\u062f\u0629 \u0625\u0644\u0643\u062a\u0631\u0648\u0646\u064a\u0629","og_description":"Le quartier Bensouda de F\u00e8s a accueilli comme il se doit, le 04 mars 2020, le Roi Mohammed VI du Maroc qui a lanc\u00e9 les travaux de construction du Centre M\u00e9dical de Proximit\u00e9\u2013Fondation Mohammed V pour la Solidarit\u00e9 devant une imposante foule venue \u00e0 cette occasion. Ce projet solidaire, d\u2019un investissement de pr\u00e8s de 08 &hellip;","og_url":"https:\/\/mco.ma\/?p=2506","og_site_name":"\u0645\u064a\u062f\u064a\u0627 \u0643\u0648\u0645 - \u062c\u0631\u064a\u062f\u0629 \u0625\u0644\u0643\u062a\u0631\u0648\u0646\u064a\u0629","article_published_time":"2020-03-05T23:09:12+00:00","article_modified_time":"2020-03-05T23:09:13+00:00","og_image":[{"width":587,"height":800,"url":"https:\/\/mco.ma\/wp-content\/uploads\/2020\/03\/aaaroi_fes.jpg","type":"image\/jpeg"}],"author":"ADMIN MCO","twitter_card":"summary_large_image","twitter_misc":{"\u0643\u064f\u062a\u0628 \u0628\u0648\u0627\u0633\u0637\u0629":"ADMIN MCO","\u0648\u0642\u062a \u0627\u0644\u0642\u0631\u0627\u0621\u0629 \u0627\u0644\u0645\u064f\u0642\u062f\u0651\u0631":"4 \u062f\u0642\u0627\u0626\u0642"},"schema":{"@context":"https:\/\/schema.org","@graph":[{"@type":"WebPage","@id":"https:\/\/mco.ma\/?p=2506","url":"https:\/\/mco.ma\/?p=2506","name":"Lancement des travaux de construction d\u2019un Centre M\u00e9dical de Proximit\u00e9 \u00e0 F\u00e8s par le Roi du Maroc - \u0645\u064a\u062f\u064a\u0627 \u0643\u0648\u0645 - \u062c\u0631\u064a\u062f\u0629 \u0625\u0644\u0643\u062a\u0631\u0648\u0646\u064a\u0629","isPartOf":{"@id":"https:\/\/mco.ma\/#website"},"datePublished":"2020-03-05T23:09:12+00:00","dateModified":"2020-03-05T23:09:13+00:00","author":{"@id":"https:\/\/mco.ma\/#\/schema\/person\/8aee0076b9220496e683a61369a0b0e8"},"breadcrumb":{"@id":"https:\/\/mco.ma\/?p=2506#breadcrumb"},"inLanguage":"ar","potentialAction":[{"@type":"ReadAction","target":["https:\/\/mco.ma\/?p=2506"]}]},{"@type":"BreadcrumbList","@id":"https:\/\/mco.ma\/?p=2506#breadcrumb","itemListElement":[{"@type":"ListItem","position":1,"name":"Home","item":"https:\/\/mco.ma\/"},{"@type":"ListItem","position":2,"name":"Lancement des travaux de construction d\u2019un Centre M\u00e9dical de Proximit\u00e9 \u00e0 F\u00e8s par le Roi du Maroc"}]},{"@type":"WebSite","@id":"https:\/\/mco.ma\/#website","url":"https:\/\/mco.ma\/","name":"\u0645\u064a\u062f\u064a\u0627 \u0643\u0648\u0645 - \u062c\u0631\u064a\u062f\u0629 \u0625\u0644\u0643\u062a\u0631\u0648\u0646\u064a\u0629","description":"\u0645\u064a\u062f\u064a\u0627 \u0643\u0648\u0645 ... \u062c\u0631\u064a\u062f\u0629 \u0625\u0644\u0643\u062a\u0631\u0648\u0646\u064a\u0629 ... \u0634\u0627\u0645\u0644\u0629","potentialAction":[{"@type":"SearchAction","target":{"@type":"EntryPoint","urlTemplate":"https:\/\/mco.ma\/?s={search_term_string}"},"query-input":"required name=search_term_string"}],"inLanguage":"ar"},{"@type":"Person","@id":"https:\/\/mco.ma\/#\/schema\/person\/8aee0076b9220496e683a61369a0b0e8","name":"ADMIN MCO","image":{"@type":"ImageObject","inLanguage":"ar","@id":"https:\/\/mco.ma\/#\/schema\/person\/image\/","url":"https:\/\/secure.gravatar.com\/avatar\/3f01521dc8f825244d98e8be22bf5598?s=96&d=mm&r=g","contentUrl":"https:\/\/secure.gravatar.com\/avatar\/3f01521dc8f825244d98e8be22bf5598?s=96&d=mm&r=g","caption":"ADMIN MCO"},"url":"https:\/\/mco.ma\/?author=2"}]}},"amp_enabled":true,"_links":{"self":[{"href":"https:\/\/mco.ma\/index.php?rest_route=\/wp\/v2\/posts\/2506"}],"collection":[{"href":"https:\/\/mco.ma\/index.php?rest_route=\/wp\/v2\/posts"}],"about":[{"href":"https:\/\/mco.ma\/index.php?rest_route=\/wp\/v2\/types\/post"}],"author":[{"embeddable":true,"href":"https:\/\/mco.ma\/index.php?rest_route=\/wp\/v2\/users\/2"}],"replies":[{"embeddable":true,"href":"https:\/\/mco.ma\/index.php?rest_route=%2Fwp%2Fv2%2Fcomments&post=2506"}],"version-history":[{"count":1,"href":"https:\/\/mco.ma\/index.php?rest_route=\/wp\/v2\/posts\/2506\/revisions"}],"predecessor-version":[{"id":2508,"href":"https:\/\/mco.ma\/index.php?rest_route=\/wp\/v2\/posts\/2506\/revisions\/2508"}],"wp:featuredmedia":[{"embeddable":true,"href":"https:\/\/mco.ma\/index.php?rest_route=\/wp\/v2\/media\/2507"}],"wp:attachment":[{"href":"https:\/\/mco.ma\/index.php?rest_route=%2Fwp%2Fv2%2Fmedia&parent=2506"}],"wp:term":[{"taxonomy":"category","embeddable":true,"href":"https:\/\/mco.ma\/index.php?rest_route=%2Fwp%2Fv2%2Fcategories&post=2506"},{"taxonomy":"post_tag","embeddable":true,"href":"https:\/\/mco.ma\/index.php?rest_route=%2Fwp%2Fv2%2Ftags&post=2506"}],"curies":[{"name":"wp","href":"https:\/\/api.w.org\/{rel}","templated":true}]}}