{"id":2568,"date":"2020-03-10T00:20:17","date_gmt":"2020-03-10T00:20:17","guid":{"rendered":"http:\/\/www.mco.ma\/?p=2568"},"modified":"2020-03-10T00:20:18","modified_gmt":"2020-03-10T00:20:18","slug":"une-militante-sahraouie-se-mobilise-pour-denoncer-le-calvaire-des-populations-sahraouies-marocaines-embastillees-a-tindouf","status":"publish","type":"post","link":"https:\/\/mco.ma\/?p=2568","title":{"rendered":"Une militante sahraouie se mobilise pour d\u00e9noncer le calvaire des populations sahraouies marocaines embastill\u00e9es \u00e0 Tindouf"},"content":{"rendered":"\n<p>Cette militante sahraouie marocaine n\u2019est autre que Madame Aicha Duihi qui n\u2019a de cesse de parcourir le monde pour d\u00e9fendre la juste cause des s\u00e9questr\u00e9s sahraouis marocains dans les camps de la mort sis \u00e0 Tindouf en territoire alg\u00e9rien.<\/p>\n\n\n\n<p>Une dame au parcours universitaire \u00e0 faire p\u00e2lir de honte nombre d\u2019alg\u00e9riens et les polisariens puisque Madame Aicha Duihi, suite \u00e0 de brillantes \u00e9tudes universitaires, est bard\u00e9e de dipl\u00f4mes : un Dipl\u00f4me des Etudes Sup\u00e9rieures Approfondies (DESA) en Economie des Organisations, une License en Management ainsi qu\u2019un dipl\u00f4me de l&#8217;Institut d\u2019Administration des Entreprises (IAE Poitier-France).<\/p>\n\n\n\n<p>Son parcours professionnel est \u00e9galement tr\u00e8s \u00e9loquent puisqu\u2019elle est chercheuse de Droits de l&#8217;Homme et en Economie, Pr\u00e9sidente de l&#8217;Observatoire du Sahara pour la Paix, la D\u00e9mocratie et les Droits de l&#8217;Homme, membre de la Commission National de Coordination des Mesures de Lutte et Pr\u00e9vention contre la Traite des \u00catres Humains et membre fondateur du r\u00e9seau \u00ab WE \u00bb des d\u00e9fenseurs des Droits de l&#8217;Homme en Afrique du Nord et au Moyen-Orient.<\/p>\n\n\n\n<p>Cette femme battante va se consacrer \u00e0 la cause qu\u2019elle portait toujours dans son c\u0153ur \u00e0 savoir les Droits de l\u2019Homme tout en travaillant en tant que responsable provinciale des Affaires F\u00e9minines et professeure formateur en Gestion des Entreprises.<\/p>\n\n\n\n<p>Ainsi, la militante sahraouie Aicha Duihi multiplie les d\u00e9placements pour d\u00e9fendre la marocanit\u00e9 du Sahara et mobiliser contre le calvaire des sahraouis marocains embastill\u00e9s dans les camps de Tindouf que ce soit \u00e0 Gen\u00e8ve, si\u00e8ge du Conseil des Droits de l\u2019Homme, \u00e0 New York au si\u00e8ge de l\u2019ONU, ou au sein des Institutions Europ\u00e9ennes \u00e0 Bruxelles.<\/p>\n\n\n\n<p>Au cours de ses multiples interventions au sein d\u2019h\u00e9micycles internationaux, elle s\u2019interroge sur le silence complice de la communaut\u00e9 internationale face \u00e0 la torture et aux violations syst\u00e9matiques des Droits de l\u2019Homme dans ces camps, qui sont devenues une pratique courante du polisario avec l\u2019aval et la complicit\u00e9 des responsables alg\u00e9riens.<\/p>\n\n\n\n<p>C\u2019est \u00e0 ce titre qu\u2019elle oeuvre pour le renforcement de la culture des Droits de l\u2019Homme dans les Provinces du Sud marocain et pour d\u00e9fendre d\u2019autres causes qu\u2019elle juge non moins importantes comme l\u2019\u00e9migration et la traite des \u00eatres Humains.<\/p>\n\n\n\n<p>Madame Aicha Duihi, \u00e9lev\u00e9 \u00e0 l\u2019amour de la Patrie, s\u2019est engag\u00e9e d\u00e8s sa tendre enfance dans le combat pour l\u2019\u00e9galit\u00e9 homme-femme et pour le triomphe des Droits de l\u2019Homme en contribuant \u00e0 la cr\u00e9ation de nombreuses initiatives citoyennes, notamment en mati\u00e8re de d\u00e9fense des Droits de l&#8217;Homme, au niveau local, national et r\u00e9gional, et lanc\u00e9 de nombreux projets ciblant les enfants, les adolescents, les jeunes et la soci\u00e9t\u00e9 civile tout en participant \u00e0 de nombreuses manifestations r\u00e9gionales, continentales et internationales pour d\u00e9fendre les justes causes.<\/p>\n\n\n\n<p>Un parcours et un engagement qui lui ont valu de prestigieuses r\u00e9compenses, dont le Prix Europ\u00e9en pour le Leadership F\u00e9minin International au Parlement Europ\u00e9en qui lui a \u00e9t\u00e9 d\u00e9cern\u00e9 en Belgique en 2019.<\/p>\n\n\n\n<p>Ce parcours remarquable de la militante sahraouie marocaine de Madame Aicha Duihi a de quoi crucifier de honte la tra\u00eetre Aminatou Haidar \u00e0 la solde du r\u00e9gime alg\u00e9rien qui lui offre des p\u00e9trodollars pour chacune de ses sorties abracadabrantes portant atteinte au Maroc, sa Patrie o\u00f9 elle r\u00e9side, tel ce coq pel\u00e9 qu\u2019est ce Brahim Ghali, dansant sur un plateau surchauff\u00e9 au Palais de la Mouradia sis \u00e0 Alger, et ce, au d\u00e9triment du peuple alg\u00e9rien.<\/p>\n\n\n\n<p>Ces dirigeants alg\u00e9riens vont nous pleurer une nouvelle fois que c\u2019est la faute \u00e0 la tramontane, ce vent de la montagne qui souffle en Kabylie et qui les assomme. Quelle belle b\u00eatise inn\u00e9e des responsables alg\u00e9riens !<\/p>\n\n\n\n<p>Quant \u00e0 Madame Aicha Duihi, elle est, et restera, le printemps des Sahraouis marocains embastill\u00e9s dans ces camps de l\u2019horreur \u00e0 Tindouf en plein Sud alg\u00e9rien.<\/p>\n\n\n\n<p>Farid Mnebhi.<\/p>\n","protected":false},"excerpt":{"rendered":"<p>Cette militante sahraouie marocaine n\u2019est autre que Madame Aicha Duihi qui n\u2019a de cesse de parcourir le monde pour d\u00e9fendre la juste cause des s\u00e9questr\u00e9s sahraouis marocains dans les camps de la mort sis \u00e0 Tindouf en territoire alg\u00e9rien. Une dame au parcours universitaire \u00e0 faire p\u00e2lir de honte nombre d\u2019alg\u00e9riens et les polisariens puisque &hellip;<\/p>\n","protected":false},"author":2,"featured_media":2569,"comment_status":"open","ping_status":"open","sticky":false,"template":"","format":"standard","meta":{"_bbp_topic_count":0,"_bbp_reply_count":0,"_bbp_total_topic_count":0,"_bbp_total_reply_count":0,"_bbp_voice_count":0,"_bbp_anonymous_reply_count":0,"_bbp_topic_count_hidden":0,"_bbp_reply_count_hidden":0,"_bbp_forum_subforum_count":0,"_wp_rev_ctl_limit":""},"categories":[28,32,18,38,33,29,25],"tags":[],"yoast_head":"<!-- This site is optimized with the Yoast SEO plugin v19.13 - https:\/\/yoast.com\/wordpress\/plugins\/seo\/ -->\n<title>Une militante sahraouie se mobilise pour d\u00e9noncer le calvaire des populations sahraouies marocaines embastill\u00e9es \u00e0 Tindouf - \u0645\u064a\u062f\u064a\u0627 \u0643\u0648\u0645 - \u062c\u0631\u064a\u062f\u0629 \u0625\u0644\u0643\u062a\u0631\u0648\u0646\u064a\u0629<\/title>\n<meta name=\"robots\" content=\"index, follow, max-snippet:-1, max-image-preview:large, max-video-preview:-1\" \/>\n<link rel=\"canonical\" href=\"https:\/\/mco.ma\/?p=2568\" \/>\n<meta property=\"og:locale\" content=\"ar_AR\" \/>\n<meta property=\"og:type\" content=\"article\" \/>\n<meta property=\"og:title\" content=\"Une militante sahraouie se mobilise pour d\u00e9noncer le calvaire des populations sahraouies marocaines embastill\u00e9es \u00e0 Tindouf - \u0645\u064a\u062f\u064a\u0627 \u0643\u0648\u0645 - \u062c\u0631\u064a\u062f\u0629 \u0625\u0644\u0643\u062a\u0631\u0648\u0646\u064a\u0629\" \/>\n<meta property=\"og:description\" content=\"Cette militante sahraouie marocaine n\u2019est autre que Madame Aicha Duihi qui n\u2019a de cesse de parcourir le monde pour d\u00e9fendre la juste cause des s\u00e9questr\u00e9s sahraouis marocains dans les camps de la mort sis \u00e0 Tindouf en territoire alg\u00e9rien. Une dame au parcours universitaire \u00e0 faire p\u00e2lir de honte nombre d\u2019alg\u00e9riens et les polisariens puisque &hellip;\" \/>\n<meta property=\"og:url\" content=\"https:\/\/mco.ma\/?p=2568\" \/>\n<meta property=\"og:site_name\" content=\"\u0645\u064a\u062f\u064a\u0627 \u0643\u0648\u0645 - \u062c\u0631\u064a\u062f\u0629 \u0625\u0644\u0643\u062a\u0631\u0648\u0646\u064a\u0629\" \/>\n<meta property=\"article:published_time\" content=\"2020-03-10T00:20:17+00:00\" \/>\n<meta property=\"article:modified_time\" content=\"2020-03-10T00:20:18+00:00\" \/>\n<meta property=\"og:image\" content=\"https:\/\/mco.ma\/wp-content\/uploads\/2020\/03\/aicha.jpg\" \/>\n\t<meta property=\"og:image:width\" content=\"150\" \/>\n\t<meta property=\"og:image:height\" content=\"150\" \/>\n\t<meta property=\"og:image:type\" content=\"image\/jpeg\" \/>\n<meta name=\"author\" content=\"ADMIN MCO\" \/>\n<meta name=\"twitter:card\" content=\"summary_large_image\" \/>\n<meta name=\"twitter:label1\" content=\"\u0643\u064f\u062a\u0628 \u0628\u0648\u0627\u0633\u0637\u0629\" \/>\n\t<meta name=\"twitter:data1\" content=\"ADMIN MCO\" \/>\n\t<meta name=\"twitter:label2\" content=\"\u0648\u0642\u062a \u0627\u0644\u0642\u0631\u0627\u0621\u0629 \u0627\u0644\u0645\u064f\u0642\u062f\u0651\u0631\" \/>\n\t<meta name=\"twitter:data2\" content=\"3 \u062f\u0642\u0627\u0626\u0642\" \/>\n<script type=\"application\/ld+json\" class=\"yoast-schema-graph\">{\"@context\":\"https:\/\/schema.org\",\"@graph\":[{\"@type\":\"WebPage\",\"@id\":\"https:\/\/mco.ma\/?p=2568\",\"url\":\"https:\/\/mco.ma\/?p=2568\",\"name\":\"Une militante sahraouie se mobilise pour d\u00e9noncer le calvaire des populations sahraouies marocaines embastill\u00e9es \u00e0 Tindouf - \u0645\u064a\u062f\u064a\u0627 \u0643\u0648\u0645 - \u062c\u0631\u064a\u062f\u0629 \u0625\u0644\u0643\u062a\u0631\u0648\u0646\u064a\u0629\",\"isPartOf\":{\"@id\":\"https:\/\/mco.ma\/#website\"},\"datePublished\":\"2020-03-10T00:20:17+00:00\",\"dateModified\":\"2020-03-10T00:20:18+00:00\",\"author\":{\"@id\":\"https:\/\/mco.ma\/#\/schema\/person\/8aee0076b9220496e683a61369a0b0e8\"},\"breadcrumb\":{\"@id\":\"https:\/\/mco.ma\/?p=2568#breadcrumb\"},\"inLanguage\":\"ar\",\"potentialAction\":[{\"@type\":\"ReadAction\",\"target\":[\"https:\/\/mco.ma\/?p=2568\"]}]},{\"@type\":\"BreadcrumbList\",\"@id\":\"https:\/\/mco.ma\/?p=2568#breadcrumb\",\"itemListElement\":[{\"@type\":\"ListItem\",\"position\":1,\"name\":\"Home\",\"item\":\"https:\/\/mco.ma\/\"},{\"@type\":\"ListItem\",\"position\":2,\"name\":\"Une militante sahraouie se mobilise pour d\u00e9noncer le calvaire des populations sahraouies marocaines embastill\u00e9es \u00e0 Tindouf\"}]},{\"@type\":\"WebSite\",\"@id\":\"https:\/\/mco.ma\/#website\",\"url\":\"https:\/\/mco.ma\/\",\"name\":\"\u0645\u064a\u062f\u064a\u0627 \u0643\u0648\u0645 - \u062c\u0631\u064a\u062f\u0629 \u0625\u0644\u0643\u062a\u0631\u0648\u0646\u064a\u0629\",\"description\":\"\u0645\u064a\u062f\u064a\u0627 \u0643\u0648\u0645 ... \u062c\u0631\u064a\u062f\u0629 \u0625\u0644\u0643\u062a\u0631\u0648\u0646\u064a\u0629 ... \u0634\u0627\u0645\u0644\u0629\",\"potentialAction\":[{\"@type\":\"SearchAction\",\"target\":{\"@type\":\"EntryPoint\",\"urlTemplate\":\"https:\/\/mco.ma\/?s={search_term_string}\"},\"query-input\":\"required name=search_term_string\"}],\"inLanguage\":\"ar\"},{\"@type\":\"Person\",\"@id\":\"https:\/\/mco.ma\/#\/schema\/person\/8aee0076b9220496e683a61369a0b0e8\",\"name\":\"ADMIN MCO\",\"image\":{\"@type\":\"ImageObject\",\"inLanguage\":\"ar\",\"@id\":\"https:\/\/mco.ma\/#\/schema\/person\/image\/\",\"url\":\"https:\/\/secure.gravatar.com\/avatar\/3f01521dc8f825244d98e8be22bf5598?s=96&d=mm&r=g\",\"contentUrl\":\"https:\/\/secure.gravatar.com\/avatar\/3f01521dc8f825244d98e8be22bf5598?s=96&d=mm&r=g\",\"caption\":\"ADMIN MCO\"},\"url\":\"https:\/\/mco.ma\/?author=2\"}]}<\/script>\n<!-- \/ Yoast SEO plugin. -->","yoast_head_json":{"title":"Une militante sahraouie se mobilise pour d\u00e9noncer le calvaire des populations sahraouies marocaines embastill\u00e9es \u00e0 Tindouf - \u0645\u064a\u062f\u064a\u0627 \u0643\u0648\u0645 - \u062c\u0631\u064a\u062f\u0629 \u0625\u0644\u0643\u062a\u0631\u0648\u0646\u064a\u0629","robots":{"index":"index","follow":"follow","max-snippet":"max-snippet:-1","max-image-preview":"max-image-preview:large","max-video-preview":"max-video-preview:-1"},"canonical":"https:\/\/mco.ma\/?p=2568","og_locale":"ar_AR","og_type":"article","og_title":"Une militante sahraouie se mobilise pour d\u00e9noncer le calvaire des populations sahraouies marocaines embastill\u00e9es \u00e0 Tindouf - \u0645\u064a\u062f\u064a\u0627 \u0643\u0648\u0645 - \u062c\u0631\u064a\u062f\u0629 \u0625\u0644\u0643\u062a\u0631\u0648\u0646\u064a\u0629","og_description":"Cette militante sahraouie marocaine n\u2019est autre que Madame Aicha Duihi qui n\u2019a de cesse de parcourir le monde pour d\u00e9fendre la juste cause des s\u00e9questr\u00e9s sahraouis marocains dans les camps de la mort sis \u00e0 Tindouf en territoire alg\u00e9rien. Une dame au parcours universitaire \u00e0 faire p\u00e2lir de honte nombre d\u2019alg\u00e9riens et les polisariens puisque &hellip;","og_url":"https:\/\/mco.ma\/?p=2568","og_site_name":"\u0645\u064a\u062f\u064a\u0627 \u0643\u0648\u0645 - \u062c\u0631\u064a\u062f\u0629 \u0625\u0644\u0643\u062a\u0631\u0648\u0646\u064a\u0629","article_published_time":"2020-03-10T00:20:17+00:00","article_modified_time":"2020-03-10T00:20:18+00:00","og_image":[{"width":150,"height":150,"url":"https:\/\/mco.ma\/wp-content\/uploads\/2020\/03\/aicha.jpg","type":"image\/jpeg"}],"author":"ADMIN MCO","twitter_card":"summary_large_image","twitter_misc":{"\u0643\u064f\u062a\u0628 \u0628\u0648\u0627\u0633\u0637\u0629":"ADMIN MCO","\u0648\u0642\u062a \u0627\u0644\u0642\u0631\u0627\u0621\u0629 \u0627\u0644\u0645\u064f\u0642\u062f\u0651\u0631":"3 \u062f\u0642\u0627\u0626\u0642"},"schema":{"@context":"https:\/\/schema.org","@graph":[{"@type":"WebPage","@id":"https:\/\/mco.ma\/?p=2568","url":"https:\/\/mco.ma\/?p=2568","name":"Une militante sahraouie se mobilise pour d\u00e9noncer le calvaire des populations sahraouies marocaines embastill\u00e9es \u00e0 Tindouf - \u0645\u064a\u062f\u064a\u0627 \u0643\u0648\u0645 - \u062c\u0631\u064a\u062f\u0629 \u0625\u0644\u0643\u062a\u0631\u0648\u0646\u064a\u0629","isPartOf":{"@id":"https:\/\/mco.ma\/#website"},"datePublished":"2020-03-10T00:20:17+00:00","dateModified":"2020-03-10T00:20:18+00:00","author":{"@id":"https:\/\/mco.ma\/#\/schema\/person\/8aee0076b9220496e683a61369a0b0e8"},"breadcrumb":{"@id":"https:\/\/mco.ma\/?p=2568#breadcrumb"},"inLanguage":"ar","potentialAction":[{"@type":"ReadAction","target":["https:\/\/mco.ma\/?p=2568"]}]},{"@type":"BreadcrumbList","@id":"https:\/\/mco.ma\/?p=2568#breadcrumb","itemListElement":[{"@type":"ListItem","position":1,"name":"Home","item":"https:\/\/mco.ma\/"},{"@type":"ListItem","position":2,"name":"Une militante sahraouie se mobilise pour d\u00e9noncer le calvaire des populations sahraouies marocaines embastill\u00e9es \u00e0 Tindouf"}]},{"@type":"WebSite","@id":"https:\/\/mco.ma\/#website","url":"https:\/\/mco.ma\/","name":"\u0645\u064a\u062f\u064a\u0627 \u0643\u0648\u0645 - \u062c\u0631\u064a\u062f\u0629 \u0625\u0644\u0643\u062a\u0631\u0648\u0646\u064a\u0629","description":"\u0645\u064a\u062f\u064a\u0627 \u0643\u0648\u0645 ... \u062c\u0631\u064a\u062f\u0629 \u0625\u0644\u0643\u062a\u0631\u0648\u0646\u064a\u0629 ... \u0634\u0627\u0645\u0644\u0629","potentialAction":[{"@type":"SearchAction","target":{"@type":"EntryPoint","urlTemplate":"https:\/\/mco.ma\/?s={search_term_string}"},"query-input":"required name=search_term_string"}],"inLanguage":"ar"},{"@type":"Person","@id":"https:\/\/mco.ma\/#\/schema\/person\/8aee0076b9220496e683a61369a0b0e8","name":"ADMIN MCO","image":{"@type":"ImageObject","inLanguage":"ar","@id":"https:\/\/mco.ma\/#\/schema\/person\/image\/","url":"https:\/\/secure.gravatar.com\/avatar\/3f01521dc8f825244d98e8be22bf5598?s=96&d=mm&r=g","contentUrl":"https:\/\/secure.gravatar.com\/avatar\/3f01521dc8f825244d98e8be22bf5598?s=96&d=mm&r=g","caption":"ADMIN MCO"},"url":"https:\/\/mco.ma\/?author=2"}]}},"amp_enabled":true,"_links":{"self":[{"href":"https:\/\/mco.ma\/index.php?rest_route=\/wp\/v2\/posts\/2568"}],"collection":[{"href":"https:\/\/mco.ma\/index.php?rest_route=\/wp\/v2\/posts"}],"about":[{"href":"https:\/\/mco.ma\/index.php?rest_route=\/wp\/v2\/types\/post"}],"author":[{"embeddable":true,"href":"https:\/\/mco.ma\/index.php?rest_route=\/wp\/v2\/users\/2"}],"replies":[{"embeddable":true,"href":"https:\/\/mco.ma\/index.php?rest_route=%2Fwp%2Fv2%2Fcomments&post=2568"}],"version-history":[{"count":1,"href":"https:\/\/mco.ma\/index.php?rest_route=\/wp\/v2\/posts\/2568\/revisions"}],"predecessor-version":[{"id":2570,"href":"https:\/\/mco.ma\/index.php?rest_route=\/wp\/v2\/posts\/2568\/revisions\/2570"}],"wp:featuredmedia":[{"embeddable":true,"href":"https:\/\/mco.ma\/index.php?rest_route=\/wp\/v2\/media\/2569"}],"wp:attachment":[{"href":"https:\/\/mco.ma\/index.php?rest_route=%2Fwp%2Fv2%2Fmedia&parent=2568"}],"wp:term":[{"taxonomy":"category","embeddable":true,"href":"https:\/\/mco.ma\/index.php?rest_route=%2Fwp%2Fv2%2Fcategories&post=2568"},{"taxonomy":"post_tag","embeddable":true,"href":"https:\/\/mco.ma\/index.php?rest_route=%2Fwp%2Fv2%2Ftags&post=2568"}],"curies":[{"name":"wp","href":"https:\/\/api.w.org\/{rel}","templated":true}]}}