{"id":2622,"date":"2020-03-13T23:50:36","date_gmt":"2020-03-13T23:50:36","guid":{"rendered":"http:\/\/www.mco.ma\/?p=2622"},"modified":"2020-03-13T23:50:37","modified_gmt":"2020-03-13T23:50:37","slug":"nouvelle-representation-consulaire-africaine-ouvre-ses-portes-a-dakhla","status":"publish","type":"post","link":"https:\/\/mco.ma\/?p=2622","title":{"rendered":"Nouvelle repr\u00e9sentation consulaire africaine ouvre ses portes \u00e0 Dakhla"},"content":{"rendered":"\n<p>Le Lib\u00e9ria et le Maroc, soucieux de promouvoir leurs relations bilat\u00e9rales de longue date, ont d\u00e9cid\u00e9 d\u2019acter, le 12 mars 2020, l\u2019ouverture d\u2019un Consulat G\u00e9n\u00e9ral lib\u00e9rien \u00e0 Dakhla, ville du Sahara marocain.<\/p>\n\n\n\n<p>L\u2019inauguration de la repr\u00e9sentation diplomatique de la R\u00e9publique du Liberia a \u00e9t\u00e9 faite en pr\u00e9sence du Ministre marocain des Affaires Etrang\u00e8res, Monsieur Nasser Bourita, et de son homologue lib\u00e9rien, Monsieur Gbezohngar Milton Findley.<\/p>\n\n\n\n<p>L\u2019ouverture de ce Consulat G\u00e9n\u00e9ral du Liberia \u00e0 Dakhla refl\u00e8te les positions constantes exprim\u00e9es par Monrovia sur le dossier du Sahara marocain, notamment dans les forums r\u00e9gionaux et internationaux et confirme son soutien sans faille dans toutes les batailles diplomatiques engag\u00e9es par le Maroc au sein des Nations-Unies et de l\u2019Union Africaine.<\/p>\n\n\n\n<p>Il est certain qu\u2019avec l\u2019ouverture de ce Consulat, il sera observ\u00e9 un renforcement de la coop\u00e9ration technique et des liens humanitaires entre le Maroc et le Liberia, tout confirmant qu\u2019une feuille de route devrait \u00eatre \u00e9tablies entre les deux pays afin de renforcer la coop\u00e9ration en g\u00e9n\u00e9ral et consolider le r\u00f4le de cette repr\u00e9sentation consulaire de Dakhla en particulier.<\/p>\n\n\n\n<p>Ce nouveau Consulat G\u00e9n\u00e9ral lib\u00e9rien \u00e0 Dakhla est le 10\u00e8me \u00e0 ouvrir ses portes au Sahara marocain en moins de trois mois et refl\u00e8te le grand soutien dont jouit la cause nationale marocaine, notamment en Afrique et le 4\u00e8me \u00e0 Dakhla apr\u00e8s celui de Djibouti, de Gambie et Guin\u00e9e.<\/p>\n\n\n\n<p>Quant \u00e0 l\u2019Alg\u00e9rie, il lui est fortement conseill\u00e9 de rabaisser son caquet et d\u2019envisager une officine regroupant le peu de pays africains qui soutiennent la fantomatique RASD.<\/p>\n\n\n\n<p>Une \u00e9ventualit\u00e9 difficilement envisageable pour les responsables alg\u00e9riens qui interdissent m\u00eame l\u2019entr\u00e9e dans leur territoire de leurs ressortissants en provenance d\u2019Europe en raison du Coronavirus (COVID-19) qui s\u00e9vit dans les pays d\u2019accueils, \u00e9galement en Alg\u00e9rie, ce qui implique une chute vertigineuse de devises au moment o\u00f9 elle en a le plus besoin avec la chute des cours du p\u00e9trole.<\/p>\n\n\n\n<p>Farid Mnebhi.<\/p>\n","protected":false},"excerpt":{"rendered":"<p>Le Lib\u00e9ria et le Maroc, soucieux de promouvoir leurs relations bilat\u00e9rales de longue date, ont d\u00e9cid\u00e9 d\u2019acter, le 12 mars 2020, l\u2019ouverture d\u2019un Consulat G\u00e9n\u00e9ral lib\u00e9rien \u00e0 Dakhla, ville du Sahara marocain. L\u2019inauguration de la repr\u00e9sentation diplomatique de la R\u00e9publique du Liberia a \u00e9t\u00e9 faite en pr\u00e9sence du Ministre marocain des Affaires Etrang\u00e8res, Monsieur Nasser &hellip;<\/p>\n","protected":false},"author":2,"featured_media":2623,"comment_status":"open","ping_status":"open","sticky":false,"template":"","format":"standard","meta":{"_bbp_topic_count":0,"_bbp_reply_count":0,"_bbp_total_topic_count":0,"_bbp_total_reply_count":0,"_bbp_voice_count":0,"_bbp_anonymous_reply_count":0,"_bbp_topic_count_hidden":0,"_bbp_reply_count_hidden":0,"_bbp_forum_subforum_count":0,"_wp_rev_ctl_limit":""},"categories":[17,38,25],"tags":[],"yoast_head":"<!-- This site is optimized with the Yoast SEO plugin v19.13 - https:\/\/yoast.com\/wordpress\/plugins\/seo\/ -->\n<title>Nouvelle repr\u00e9sentation consulaire africaine ouvre ses portes \u00e0 Dakhla - \u0645\u064a\u062f\u064a\u0627 \u0643\u0648\u0645 - \u062c\u0631\u064a\u062f\u0629 \u0625\u0644\u0643\u062a\u0631\u0648\u0646\u064a\u0629<\/title>\n<meta name=\"robots\" content=\"index, follow, max-snippet:-1, max-image-preview:large, max-video-preview:-1\" \/>\n<link rel=\"canonical\" href=\"https:\/\/mco.ma\/?p=2622\" \/>\n<meta property=\"og:locale\" content=\"ar_AR\" \/>\n<meta property=\"og:type\" content=\"article\" \/>\n<meta property=\"og:title\" content=\"Nouvelle repr\u00e9sentation consulaire africaine ouvre ses portes \u00e0 Dakhla - \u0645\u064a\u062f\u064a\u0627 \u0643\u0648\u0645 - \u062c\u0631\u064a\u062f\u0629 \u0625\u0644\u0643\u062a\u0631\u0648\u0646\u064a\u0629\" \/>\n<meta property=\"og:description\" content=\"Le Lib\u00e9ria et le Maroc, soucieux de promouvoir leurs relations bilat\u00e9rales de longue date, ont d\u00e9cid\u00e9 d\u2019acter, le 12 mars 2020, l\u2019ouverture d\u2019un Consulat G\u00e9n\u00e9ral lib\u00e9rien \u00e0 Dakhla, ville du Sahara marocain. L\u2019inauguration de la repr\u00e9sentation diplomatique de la R\u00e9publique du Liberia a \u00e9t\u00e9 faite en pr\u00e9sence du Ministre marocain des Affaires Etrang\u00e8res, Monsieur Nasser &hellip;\" \/>\n<meta property=\"og:url\" content=\"https:\/\/mco.ma\/?p=2622\" \/>\n<meta property=\"og:site_name\" content=\"\u0645\u064a\u062f\u064a\u0627 \u0643\u0648\u0645 - \u062c\u0631\u064a\u062f\u0629 \u0625\u0644\u0643\u062a\u0631\u0648\u0646\u064a\u0629\" \/>\n<meta property=\"article:published_time\" content=\"2020-03-13T23:50:36+00:00\" \/>\n<meta property=\"article:modified_time\" content=\"2020-03-13T23:50:37+00:00\" \/>\n<meta property=\"og:image\" content=\"https:\/\/mco.ma\/wp-content\/uploads\/2020\/03\/dakhla_liberia.jpg\" \/>\n\t<meta property=\"og:image:width\" content=\"800\" \/>\n\t<meta property=\"og:image:height\" content=\"590\" \/>\n\t<meta property=\"og:image:type\" content=\"image\/jpeg\" \/>\n<meta name=\"author\" content=\"ADMIN MCO\" \/>\n<meta name=\"twitter:card\" content=\"summary_large_image\" \/>\n<meta name=\"twitter:label1\" content=\"\u0643\u064f\u062a\u0628 \u0628\u0648\u0627\u0633\u0637\u0629\" \/>\n\t<meta name=\"twitter:data1\" content=\"ADMIN MCO\" \/>\n\t<meta name=\"twitter:label2\" content=\"\u0648\u0642\u062a \u0627\u0644\u0642\u0631\u0627\u0621\u0629 \u0627\u0644\u0645\u064f\u0642\u062f\u0651\u0631\" \/>\n\t<meta name=\"twitter:data2\" content=\"\u062f\u0642\u064a\u0642\u062a\u0627\u0646\" \/>\n<script type=\"application\/ld+json\" class=\"yoast-schema-graph\">{\"@context\":\"https:\/\/schema.org\",\"@graph\":[{\"@type\":\"WebPage\",\"@id\":\"https:\/\/mco.ma\/?p=2622\",\"url\":\"https:\/\/mco.ma\/?p=2622\",\"name\":\"Nouvelle repr\u00e9sentation consulaire africaine ouvre ses portes \u00e0 Dakhla - \u0645\u064a\u062f\u064a\u0627 \u0643\u0648\u0645 - \u062c\u0631\u064a\u062f\u0629 \u0625\u0644\u0643\u062a\u0631\u0648\u0646\u064a\u0629\",\"isPartOf\":{\"@id\":\"https:\/\/mco.ma\/#website\"},\"datePublished\":\"2020-03-13T23:50:36+00:00\",\"dateModified\":\"2020-03-13T23:50:37+00:00\",\"author\":{\"@id\":\"https:\/\/mco.ma\/#\/schema\/person\/8aee0076b9220496e683a61369a0b0e8\"},\"breadcrumb\":{\"@id\":\"https:\/\/mco.ma\/?p=2622#breadcrumb\"},\"inLanguage\":\"ar\",\"potentialAction\":[{\"@type\":\"ReadAction\",\"target\":[\"https:\/\/mco.ma\/?p=2622\"]}]},{\"@type\":\"BreadcrumbList\",\"@id\":\"https:\/\/mco.ma\/?p=2622#breadcrumb\",\"itemListElement\":[{\"@type\":\"ListItem\",\"position\":1,\"name\":\"Home\",\"item\":\"https:\/\/mco.ma\/\"},{\"@type\":\"ListItem\",\"position\":2,\"name\":\"Nouvelle repr\u00e9sentation consulaire africaine ouvre ses portes \u00e0 Dakhla\"}]},{\"@type\":\"WebSite\",\"@id\":\"https:\/\/mco.ma\/#website\",\"url\":\"https:\/\/mco.ma\/\",\"name\":\"\u0645\u064a\u062f\u064a\u0627 \u0643\u0648\u0645 - \u062c\u0631\u064a\u062f\u0629 \u0625\u0644\u0643\u062a\u0631\u0648\u0646\u064a\u0629\",\"description\":\"\u0645\u064a\u062f\u064a\u0627 \u0643\u0648\u0645 ... \u062c\u0631\u064a\u062f\u0629 \u0625\u0644\u0643\u062a\u0631\u0648\u0646\u064a\u0629 ... \u0634\u0627\u0645\u0644\u0629\",\"potentialAction\":[{\"@type\":\"SearchAction\",\"target\":{\"@type\":\"EntryPoint\",\"urlTemplate\":\"https:\/\/mco.ma\/?s={search_term_string}\"},\"query-input\":\"required name=search_term_string\"}],\"inLanguage\":\"ar\"},{\"@type\":\"Person\",\"@id\":\"https:\/\/mco.ma\/#\/schema\/person\/8aee0076b9220496e683a61369a0b0e8\",\"name\":\"ADMIN MCO\",\"image\":{\"@type\":\"ImageObject\",\"inLanguage\":\"ar\",\"@id\":\"https:\/\/mco.ma\/#\/schema\/person\/image\/\",\"url\":\"https:\/\/secure.gravatar.com\/avatar\/3f01521dc8f825244d98e8be22bf5598?s=96&d=mm&r=g\",\"contentUrl\":\"https:\/\/secure.gravatar.com\/avatar\/3f01521dc8f825244d98e8be22bf5598?s=96&d=mm&r=g\",\"caption\":\"ADMIN MCO\"},\"url\":\"https:\/\/mco.ma\/?author=2\"}]}<\/script>\n<!-- \/ Yoast SEO plugin. -->","yoast_head_json":{"title":"Nouvelle repr\u00e9sentation consulaire africaine ouvre ses portes \u00e0 Dakhla - \u0645\u064a\u062f\u064a\u0627 \u0643\u0648\u0645 - \u062c\u0631\u064a\u062f\u0629 \u0625\u0644\u0643\u062a\u0631\u0648\u0646\u064a\u0629","robots":{"index":"index","follow":"follow","max-snippet":"max-snippet:-1","max-image-preview":"max-image-preview:large","max-video-preview":"max-video-preview:-1"},"canonical":"https:\/\/mco.ma\/?p=2622","og_locale":"ar_AR","og_type":"article","og_title":"Nouvelle repr\u00e9sentation consulaire africaine ouvre ses portes \u00e0 Dakhla - \u0645\u064a\u062f\u064a\u0627 \u0643\u0648\u0645 - \u062c\u0631\u064a\u062f\u0629 \u0625\u0644\u0643\u062a\u0631\u0648\u0646\u064a\u0629","og_description":"Le Lib\u00e9ria et le Maroc, soucieux de promouvoir leurs relations bilat\u00e9rales de longue date, ont d\u00e9cid\u00e9 d\u2019acter, le 12 mars 2020, l\u2019ouverture d\u2019un Consulat G\u00e9n\u00e9ral lib\u00e9rien \u00e0 Dakhla, ville du Sahara marocain. L\u2019inauguration de la repr\u00e9sentation diplomatique de la R\u00e9publique du Liberia a \u00e9t\u00e9 faite en pr\u00e9sence du Ministre marocain des Affaires Etrang\u00e8res, Monsieur Nasser &hellip;","og_url":"https:\/\/mco.ma\/?p=2622","og_site_name":"\u0645\u064a\u062f\u064a\u0627 \u0643\u0648\u0645 - \u062c\u0631\u064a\u062f\u0629 \u0625\u0644\u0643\u062a\u0631\u0648\u0646\u064a\u0629","article_published_time":"2020-03-13T23:50:36+00:00","article_modified_time":"2020-03-13T23:50:37+00:00","og_image":[{"width":800,"height":590,"url":"https:\/\/mco.ma\/wp-content\/uploads\/2020\/03\/dakhla_liberia.jpg","type":"image\/jpeg"}],"author":"ADMIN MCO","twitter_card":"summary_large_image","twitter_misc":{"\u0643\u064f\u062a\u0628 \u0628\u0648\u0627\u0633\u0637\u0629":"ADMIN MCO","\u0648\u0642\u062a \u0627\u0644\u0642\u0631\u0627\u0621\u0629 \u0627\u0644\u0645\u064f\u0642\u062f\u0651\u0631":"\u062f\u0642\u064a\u0642\u062a\u0627\u0646"},"schema":{"@context":"https:\/\/schema.org","@graph":[{"@type":"WebPage","@id":"https:\/\/mco.ma\/?p=2622","url":"https:\/\/mco.ma\/?p=2622","name":"Nouvelle repr\u00e9sentation consulaire africaine ouvre ses portes \u00e0 Dakhla - \u0645\u064a\u062f\u064a\u0627 \u0643\u0648\u0645 - \u062c\u0631\u064a\u062f\u0629 \u0625\u0644\u0643\u062a\u0631\u0648\u0646\u064a\u0629","isPartOf":{"@id":"https:\/\/mco.ma\/#website"},"datePublished":"2020-03-13T23:50:36+00:00","dateModified":"2020-03-13T23:50:37+00:00","author":{"@id":"https:\/\/mco.ma\/#\/schema\/person\/8aee0076b9220496e683a61369a0b0e8"},"breadcrumb":{"@id":"https:\/\/mco.ma\/?p=2622#breadcrumb"},"inLanguage":"ar","potentialAction":[{"@type":"ReadAction","target":["https:\/\/mco.ma\/?p=2622"]}]},{"@type":"BreadcrumbList","@id":"https:\/\/mco.ma\/?p=2622#breadcrumb","itemListElement":[{"@type":"ListItem","position":1,"name":"Home","item":"https:\/\/mco.ma\/"},{"@type":"ListItem","position":2,"name":"Nouvelle repr\u00e9sentation consulaire africaine ouvre ses portes \u00e0 Dakhla"}]},{"@type":"WebSite","@id":"https:\/\/mco.ma\/#website","url":"https:\/\/mco.ma\/","name":"\u0645\u064a\u062f\u064a\u0627 \u0643\u0648\u0645 - \u062c\u0631\u064a\u062f\u0629 \u0625\u0644\u0643\u062a\u0631\u0648\u0646\u064a\u0629","description":"\u0645\u064a\u062f\u064a\u0627 \u0643\u0648\u0645 ... \u062c\u0631\u064a\u062f\u0629 \u0625\u0644\u0643\u062a\u0631\u0648\u0646\u064a\u0629 ... \u0634\u0627\u0645\u0644\u0629","potentialAction":[{"@type":"SearchAction","target":{"@type":"EntryPoint","urlTemplate":"https:\/\/mco.ma\/?s={search_term_string}"},"query-input":"required name=search_term_string"}],"inLanguage":"ar"},{"@type":"Person","@id":"https:\/\/mco.ma\/#\/schema\/person\/8aee0076b9220496e683a61369a0b0e8","name":"ADMIN MCO","image":{"@type":"ImageObject","inLanguage":"ar","@id":"https:\/\/mco.ma\/#\/schema\/person\/image\/","url":"https:\/\/secure.gravatar.com\/avatar\/3f01521dc8f825244d98e8be22bf5598?s=96&d=mm&r=g","contentUrl":"https:\/\/secure.gravatar.com\/avatar\/3f01521dc8f825244d98e8be22bf5598?s=96&d=mm&r=g","caption":"ADMIN MCO"},"url":"https:\/\/mco.ma\/?author=2"}]}},"amp_enabled":true,"_links":{"self":[{"href":"https:\/\/mco.ma\/index.php?rest_route=\/wp\/v2\/posts\/2622"}],"collection":[{"href":"https:\/\/mco.ma\/index.php?rest_route=\/wp\/v2\/posts"}],"about":[{"href":"https:\/\/mco.ma\/index.php?rest_route=\/wp\/v2\/types\/post"}],"author":[{"embeddable":true,"href":"https:\/\/mco.ma\/index.php?rest_route=\/wp\/v2\/users\/2"}],"replies":[{"embeddable":true,"href":"https:\/\/mco.ma\/index.php?rest_route=%2Fwp%2Fv2%2Fcomments&post=2622"}],"version-history":[{"count":1,"href":"https:\/\/mco.ma\/index.php?rest_route=\/wp\/v2\/posts\/2622\/revisions"}],"predecessor-version":[{"id":2624,"href":"https:\/\/mco.ma\/index.php?rest_route=\/wp\/v2\/posts\/2622\/revisions\/2624"}],"wp:featuredmedia":[{"embeddable":true,"href":"https:\/\/mco.ma\/index.php?rest_route=\/wp\/v2\/media\/2623"}],"wp:attachment":[{"href":"https:\/\/mco.ma\/index.php?rest_route=%2Fwp%2Fv2%2Fmedia&parent=2622"}],"wp:term":[{"taxonomy":"category","embeddable":true,"href":"https:\/\/mco.ma\/index.php?rest_route=%2Fwp%2Fv2%2Fcategories&post=2622"},{"taxonomy":"post_tag","embeddable":true,"href":"https:\/\/mco.ma\/index.php?rest_route=%2Fwp%2Fv2%2Ftags&post=2622"}],"curies":[{"name":"wp","href":"https:\/\/api.w.org\/{rel}","templated":true}]}}