{"id":3498,"date":"2020-05-11T00:14:40","date_gmt":"2020-05-11T00:14:40","guid":{"rendered":"http:\/\/www.mco.ma\/?p=3498"},"modified":"2020-05-11T00:17:29","modified_gmt":"2020-05-11T00:17:29","slug":"le-tangerois-tanjaoui-de-lassemblee-nationale-francaise-souligne-une-nouvelle-fois-la-reaction-rapide-du-maroc-face-au-covid-19","status":"publish","type":"post","link":"https:\/\/mco.ma\/?p=3498","title":{"rendered":"Le Tangerois (Tanjaoui) de l\u2019Assemblee Nationale francaise souligne une nouvelle fois la reaction rapide du Maroc face au COVID-19"},"content":{"rendered":"<p>Le Tang\u00e9rois (Tanjaoui) de l\u2019Assembl\u00e9e Nationale fran\u00e7aise souligne une nouvelle fois la r\u00e9action rapide du Maroc face au COVID-19<\/p>\n<p>&nbsp;<\/p>\n<p>Tout d\u2019abord, il serait important, avant d\u2019entamer notre propos, de souligner que la presse \u00e9crite ou t\u00e9l\u00e9visuelle fran\u00e7aise n\u2019a pas tari d\u2019\u00e9loges envers le Maroc suite \u00e0 son mod\u00e8le de gestion de la pand\u00e9mie du Coronavirus (COVID-19) impressionnant.<\/p>\n<p>Ainsi, France-Soir, le Canard Encha\u00een\u00e9, le Monde, le Point, TF1, RFI et tant autres ont f\u00e9licit\u00e9 le Maroc et de m\u00eame qu\u2019un reportage sur \u2018le r\u00e9veil du Lion de l\u2019Atlas \u00bb lui a \u00e9t\u00e9 consacr\u00e9.<\/p>\n<p>Tous les articles ont \u00e9t\u00e9 agr\u00e9ment\u00e9s de critiques acerbes d\u00e9coch\u00e9es au Gouvernement fran\u00e7ais quant \u00e0 sa gestion de la pand\u00e9mie du COVID-19 et ce, au moment m\u00eame o\u00f9 la France s\u2019appr\u00eate \u00e0 sortir du confinement, sans pour autant pouvoir fournir \u00e0 sa population suffisamment de masques de protection.<\/p>\n<p>C\u2019est d\u2019ailleurs cette insouciance des autorit\u00e9s fran\u00e7aise dans la production de masques qui a fait d\u00e9gainer \u00ab la brosse \u00e0 reluire \u00bb \u00e0 l\u2019\u00e9gard du Royaume du Maroc et fait tailler des croupi\u00e8res \u00e0 l\u2019Administration du Pr\u00e9sident Emmanuel Macron.<\/p>\n<p>Tous les quotidiens fran\u00e7ais \u00e0 gros tirage, pourtant peu enclin \u00e0 chanter les louages du Maroc, ont fait r\u00e9f\u00e9rence aux commandes fran\u00e7aises de masques \u00ab made in Morocco \u00bb<\/p>\n<p>Mais au-del\u00e0 des m\u00e9dias, c\u2019est surtout l\u2019opposition fran\u00e7aise qui s\u2019est empar\u00e9 de l\u2019exemple marocain. Tous se sont attaqu\u00e9s au Gouvernement fran\u00e7ais en se pr\u00eatant au parall\u00e8le entre les deux pays. \u00ab Pourquoi au Maroc est-on capable de produire des masques, de les vendre au supermarch\u00e9, alors qu\u2019en France, sur les devantures des pharmacies, il est marqu\u00e9 qu\u2019il est interdit de vendre des masques \u00e0 Monsieur tout le monde ? \u00bb, s\u2019\u00e9tait insurg\u00e9 le Pr\u00e9sident de Debout la France, Nicolas Dupont-Aignan, sur son compte Facebook.<\/p>\n<p>M\u00eame son de cloche pour Marine Le Pen, Pr\u00e9sidente du Rassemblement National qui avait rench\u00e9ri en d\u00e9clarant dans le 20H de France2 \u00ab On ne peut pas avoir un Premier Ministre qui se r\u00e9jouit que notre production nationale de masques soit \u00e0 8 millions, ce qui est tout \u00e0 fait d\u00e9risoire par semaine, quand le Maroc en fait 5 millions par jour ! \u00bb.<\/p>\n<p>De l\u2019autre c\u00f4t\u00e9 de l\u2019\u00e9chiquier politique fran\u00e7ais, le Pr\u00e9sident de La France Insoumise, Jean Luc M\u00e9lenchon, avait soulign\u00e9 dans un tweet le 20 avril 2020, que \u00ab La France est pass\u00e9e en 3 mois de 4 \u00e0 8 millions de masques produits par semaine et le Premier Ministre pavoise ! Le Maroc en produit 21 millions par semaine ! \u00bb.<\/p>\n<p>Il r\u00e9it\u00e9ra ses dires, lors de son \u00e9loquente intervention \u00e0 l\u2019Assembl\u00e9e Nationale le 28 avril 2020 qui fera date, en appelant le Gouvernement fran\u00e7ais \u00e0 s\u2019inspirer de la strat\u00e9gie de gestion du Royaume du Maroc de la pand\u00e9mie du COVID-19 : \u00ab A l\u2019image du Maroc que nous devrions imiter dans ce domaine\u00bb, a-t-il lanc\u00e9 aux \u00e9lus, en \u00e9voquant la mobilisation des usines de textile pour fabriquer des masques. Et de conclure : \u00ab Le Maroc m\u00e9rite votre admiration \u00bb.<\/p>\n<p>J\u2019invite les lecteurs \u00e0 suivre la toute derni\u00e8re interventiondu Tang\u00e9rois oudu Tanjaoui en arabe, Monsieur Jean-Luc M\u00e9lenchon, \u00e0 l\u2019Assembl\u00e9e Nationale en date du 09 mai 2020, disponible sur \u00ab You tube Jean-Luc M\u00e9lenchon une fois de plus, le plus grand n\u2019importe quoi ! \u00bb. Une intervention au cours de laquelle ce natif de Tanger, ville du Nord-Ouest marocain, fait, une nouvelle fois, l\u2019\u00e9loge du Maroc.<\/p>\n<p>En plus, les masques produits par les industries au Maroc ont \u00e9t\u00e9 homologu\u00e9s par l\u2019arm\u00e9e fran\u00e7aise en vue de leur importation. Bel exploit des industriels marocains ! Qui dit mieux ? L\u2019arm\u00e9e fran\u00e7aise prot\u00e9g\u00e9e par le savoir faire desMarocaines et des Marocains ! Personne, bien entendu !<\/p>\n<p>Au fait, un vent dissidence semble r\u00e9sonner au sein du parti pr\u00e9sidentiel \u00ab La R\u00e9publique En Marche (LREM) \u00bb apr\u00e8s l\u2019exclusion de ses rangs de la d\u00e9put\u00e9 Martine Wonner.<\/p>\n<p>Et pour conclure, comme l\u2019a si bien dit l\u2019humoriste Anne Roumanoff dans un de ses sketchs, \u00ab on ne nous dit pas tout \u00bb et c\u2019est pourquoile Pr\u00e9sident et le Gouvernement fran\u00e7ais sont prestement invit\u00e9s \u00e0 retourner \u00e0 leurs Universit\u00e9spour revoir leur copie.<\/p>\n<p>Farid Mnebhi.<\/p>\n","protected":false},"excerpt":{"rendered":"<p>Le Tang\u00e9rois (Tanjaoui) de l\u2019Assembl\u00e9e Nationale fran\u00e7aise souligne une nouvelle fois la r\u00e9action rapide du Maroc face au COVID-19 &nbsp; Tout d\u2019abord, il serait important, avant d\u2019entamer notre propos, de souligner que la presse \u00e9crite ou t\u00e9l\u00e9visuelle fran\u00e7aise n\u2019a pas tari d\u2019\u00e9loges envers le Maroc suite \u00e0 son mod\u00e8le de gestion de la pand\u00e9mie du &hellip;<\/p>\n","protected":false},"author":2,"featured_media":3499,"comment_status":"open","ping_status":"open","sticky":false,"template":"","format":"standard","meta":{"_bbp_topic_count":0,"_bbp_reply_count":0,"_bbp_total_topic_count":0,"_bbp_total_reply_count":0,"_bbp_voice_count":0,"_bbp_anonymous_reply_count":0,"_bbp_topic_count_hidden":0,"_bbp_reply_count_hidden":0,"_bbp_forum_subforum_count":0,"_wp_rev_ctl_limit":""},"categories":[51,52,53],"tags":[],"yoast_head":"<!-- This site is optimized with the Yoast SEO plugin v19.13 - https:\/\/yoast.com\/wordpress\/plugins\/seo\/ -->\n<title>Le Tangerois (Tanjaoui) de l\u2019Assemblee Nationale francaise souligne une nouvelle fois la reaction rapide du Maroc face au COVID-19 - \u0645\u064a\u062f\u064a\u0627 \u0643\u0648\u0645 - \u062c\u0631\u064a\u062f\u0629 \u0625\u0644\u0643\u062a\u0631\u0648\u0646\u064a\u0629<\/title>\n<meta name=\"robots\" content=\"index, follow, max-snippet:-1, max-image-preview:large, max-video-preview:-1\" \/>\n<link rel=\"canonical\" href=\"https:\/\/mco.ma\/?p=3498\" \/>\n<meta property=\"og:locale\" content=\"ar_AR\" \/>\n<meta property=\"og:type\" content=\"article\" \/>\n<meta property=\"og:title\" content=\"Le Tangerois (Tanjaoui) de l\u2019Assemblee Nationale francaise souligne une nouvelle fois la reaction rapide du Maroc face au COVID-19 - \u0645\u064a\u062f\u064a\u0627 \u0643\u0648\u0645 - \u062c\u0631\u064a\u062f\u0629 \u0625\u0644\u0643\u062a\u0631\u0648\u0646\u064a\u0629\" \/>\n<meta property=\"og:description\" content=\"Le Tang\u00e9rois (Tanjaoui) de l\u2019Assembl\u00e9e Nationale fran\u00e7aise souligne une nouvelle fois la r\u00e9action rapide du Maroc face au COVID-19 &nbsp; Tout d\u2019abord, il serait important, avant d\u2019entamer notre propos, de souligner que la presse \u00e9crite ou t\u00e9l\u00e9visuelle fran\u00e7aise n\u2019a pas tari d\u2019\u00e9loges envers le Maroc suite \u00e0 son mod\u00e8le de gestion de la pand\u00e9mie du &hellip;\" \/>\n<meta property=\"og:url\" content=\"https:\/\/mco.ma\/?p=3498\" \/>\n<meta property=\"og:site_name\" content=\"\u0645\u064a\u062f\u064a\u0627 \u0643\u0648\u0645 - \u062c\u0631\u064a\u062f\u0629 \u0625\u0644\u0643\u062a\u0631\u0648\u0646\u064a\u0629\" \/>\n<meta property=\"article:published_time\" content=\"2020-05-11T00:14:40+00:00\" \/>\n<meta property=\"article:modified_time\" content=\"2020-05-11T00:17:29+00:00\" \/>\n<meta property=\"og:image\" content=\"https:\/\/mco.ma\/wp-content\/uploads\/2020\/05\/aamelenchon.jpg\" \/>\n\t<meta property=\"og:image:width\" content=\"318\" \/>\n\t<meta property=\"og:image:height\" content=\"159\" \/>\n\t<meta property=\"og:image:type\" content=\"image\/jpeg\" \/>\n<meta name=\"author\" content=\"ADMIN MCO\" \/>\n<meta name=\"twitter:card\" content=\"summary_large_image\" \/>\n<meta name=\"twitter:label1\" content=\"\u0643\u064f\u062a\u0628 \u0628\u0648\u0627\u0633\u0637\u0629\" \/>\n\t<meta name=\"twitter:data1\" content=\"ADMIN MCO\" \/>\n\t<meta name=\"twitter:label2\" content=\"\u0648\u0642\u062a \u0627\u0644\u0642\u0631\u0627\u0621\u0629 \u0627\u0644\u0645\u064f\u0642\u062f\u0651\u0631\" \/>\n\t<meta name=\"twitter:data2\" content=\"4 \u062f\u0642\u0627\u0626\u0642\" \/>\n<script type=\"application\/ld+json\" class=\"yoast-schema-graph\">{\"@context\":\"https:\/\/schema.org\",\"@graph\":[{\"@type\":\"WebPage\",\"@id\":\"https:\/\/mco.ma\/?p=3498\",\"url\":\"https:\/\/mco.ma\/?p=3498\",\"name\":\"Le Tangerois (Tanjaoui) de l\u2019Assemblee Nationale francaise souligne une nouvelle fois la reaction rapide du Maroc face au COVID-19 - \u0645\u064a\u062f\u064a\u0627 \u0643\u0648\u0645 - \u062c\u0631\u064a\u062f\u0629 \u0625\u0644\u0643\u062a\u0631\u0648\u0646\u064a\u0629\",\"isPartOf\":{\"@id\":\"https:\/\/mco.ma\/#website\"},\"datePublished\":\"2020-05-11T00:14:40+00:00\",\"dateModified\":\"2020-05-11T00:17:29+00:00\",\"author\":{\"@id\":\"https:\/\/mco.ma\/#\/schema\/person\/8aee0076b9220496e683a61369a0b0e8\"},\"breadcrumb\":{\"@id\":\"https:\/\/mco.ma\/?p=3498#breadcrumb\"},\"inLanguage\":\"ar\",\"potentialAction\":[{\"@type\":\"ReadAction\",\"target\":[\"https:\/\/mco.ma\/?p=3498\"]}]},{\"@type\":\"BreadcrumbList\",\"@id\":\"https:\/\/mco.ma\/?p=3498#breadcrumb\",\"itemListElement\":[{\"@type\":\"ListItem\",\"position\":1,\"name\":\"Home\",\"item\":\"https:\/\/mco.ma\/\"},{\"@type\":\"ListItem\",\"position\":2,\"name\":\"Le Tangerois (Tanjaoui) de l\u2019Assemblee Nationale francaise souligne une nouvelle fois la reaction rapide du Maroc face au COVID-19\"}]},{\"@type\":\"WebSite\",\"@id\":\"https:\/\/mco.ma\/#website\",\"url\":\"https:\/\/mco.ma\/\",\"name\":\"\u0645\u064a\u062f\u064a\u0627 \u0643\u0648\u0645 - \u062c\u0631\u064a\u062f\u0629 \u0625\u0644\u0643\u062a\u0631\u0648\u0646\u064a\u0629\",\"description\":\"\u0645\u064a\u062f\u064a\u0627 \u0643\u0648\u0645 ... \u062c\u0631\u064a\u062f\u0629 \u0625\u0644\u0643\u062a\u0631\u0648\u0646\u064a\u0629 ... \u0634\u0627\u0645\u0644\u0629\",\"potentialAction\":[{\"@type\":\"SearchAction\",\"target\":{\"@type\":\"EntryPoint\",\"urlTemplate\":\"https:\/\/mco.ma\/?s={search_term_string}\"},\"query-input\":\"required name=search_term_string\"}],\"inLanguage\":\"ar\"},{\"@type\":\"Person\",\"@id\":\"https:\/\/mco.ma\/#\/schema\/person\/8aee0076b9220496e683a61369a0b0e8\",\"name\":\"ADMIN MCO\",\"image\":{\"@type\":\"ImageObject\",\"inLanguage\":\"ar\",\"@id\":\"https:\/\/mco.ma\/#\/schema\/person\/image\/\",\"url\":\"https:\/\/secure.gravatar.com\/avatar\/3f01521dc8f825244d98e8be22bf5598?s=96&d=mm&r=g\",\"contentUrl\":\"https:\/\/secure.gravatar.com\/avatar\/3f01521dc8f825244d98e8be22bf5598?s=96&d=mm&r=g\",\"caption\":\"ADMIN MCO\"},\"url\":\"https:\/\/mco.ma\/?author=2\"}]}<\/script>\n<!-- \/ Yoast SEO plugin. -->","yoast_head_json":{"title":"Le Tangerois (Tanjaoui) de l\u2019Assemblee Nationale francaise souligne une nouvelle fois la reaction rapide du Maroc face au COVID-19 - \u0645\u064a\u062f\u064a\u0627 \u0643\u0648\u0645 - \u062c\u0631\u064a\u062f\u0629 \u0625\u0644\u0643\u062a\u0631\u0648\u0646\u064a\u0629","robots":{"index":"index","follow":"follow","max-snippet":"max-snippet:-1","max-image-preview":"max-image-preview:large","max-video-preview":"max-video-preview:-1"},"canonical":"https:\/\/mco.ma\/?p=3498","og_locale":"ar_AR","og_type":"article","og_title":"Le Tangerois (Tanjaoui) de l\u2019Assemblee Nationale francaise souligne une nouvelle fois la reaction rapide du Maroc face au COVID-19 - \u0645\u064a\u062f\u064a\u0627 \u0643\u0648\u0645 - \u062c\u0631\u064a\u062f\u0629 \u0625\u0644\u0643\u062a\u0631\u0648\u0646\u064a\u0629","og_description":"Le Tang\u00e9rois (Tanjaoui) de l\u2019Assembl\u00e9e Nationale fran\u00e7aise souligne une nouvelle fois la r\u00e9action rapide du Maroc face au COVID-19 &nbsp; Tout d\u2019abord, il serait important, avant d\u2019entamer notre propos, de souligner que la presse \u00e9crite ou t\u00e9l\u00e9visuelle fran\u00e7aise n\u2019a pas tari d\u2019\u00e9loges envers le Maroc suite \u00e0 son mod\u00e8le de gestion de la pand\u00e9mie du &hellip;","og_url":"https:\/\/mco.ma\/?p=3498","og_site_name":"\u0645\u064a\u062f\u064a\u0627 \u0643\u0648\u0645 - \u062c\u0631\u064a\u062f\u0629 \u0625\u0644\u0643\u062a\u0631\u0648\u0646\u064a\u0629","article_published_time":"2020-05-11T00:14:40+00:00","article_modified_time":"2020-05-11T00:17:29+00:00","og_image":[{"width":318,"height":159,"url":"https:\/\/mco.ma\/wp-content\/uploads\/2020\/05\/aamelenchon.jpg","type":"image\/jpeg"}],"author":"ADMIN MCO","twitter_card":"summary_large_image","twitter_misc":{"\u0643\u064f\u062a\u0628 \u0628\u0648\u0627\u0633\u0637\u0629":"ADMIN MCO","\u0648\u0642\u062a \u0627\u0644\u0642\u0631\u0627\u0621\u0629 \u0627\u0644\u0645\u064f\u0642\u062f\u0651\u0631":"4 \u062f\u0642\u0627\u0626\u0642"},"schema":{"@context":"https:\/\/schema.org","@graph":[{"@type":"WebPage","@id":"https:\/\/mco.ma\/?p=3498","url":"https:\/\/mco.ma\/?p=3498","name":"Le Tangerois (Tanjaoui) de l\u2019Assemblee Nationale francaise souligne une nouvelle fois la reaction rapide du Maroc face au COVID-19 - \u0645\u064a\u062f\u064a\u0627 \u0643\u0648\u0645 - \u062c\u0631\u064a\u062f\u0629 \u0625\u0644\u0643\u062a\u0631\u0648\u0646\u064a\u0629","isPartOf":{"@id":"https:\/\/mco.ma\/#website"},"datePublished":"2020-05-11T00:14:40+00:00","dateModified":"2020-05-11T00:17:29+00:00","author":{"@id":"https:\/\/mco.ma\/#\/schema\/person\/8aee0076b9220496e683a61369a0b0e8"},"breadcrumb":{"@id":"https:\/\/mco.ma\/?p=3498#breadcrumb"},"inLanguage":"ar","potentialAction":[{"@type":"ReadAction","target":["https:\/\/mco.ma\/?p=3498"]}]},{"@type":"BreadcrumbList","@id":"https:\/\/mco.ma\/?p=3498#breadcrumb","itemListElement":[{"@type":"ListItem","position":1,"name":"Home","item":"https:\/\/mco.ma\/"},{"@type":"ListItem","position":2,"name":"Le Tangerois (Tanjaoui) de l\u2019Assemblee Nationale francaise souligne une nouvelle fois la reaction rapide du Maroc face au COVID-19"}]},{"@type":"WebSite","@id":"https:\/\/mco.ma\/#website","url":"https:\/\/mco.ma\/","name":"\u0645\u064a\u062f\u064a\u0627 \u0643\u0648\u0645 - \u062c\u0631\u064a\u062f\u0629 \u0625\u0644\u0643\u062a\u0631\u0648\u0646\u064a\u0629","description":"\u0645\u064a\u062f\u064a\u0627 \u0643\u0648\u0645 ... \u062c\u0631\u064a\u062f\u0629 \u0625\u0644\u0643\u062a\u0631\u0648\u0646\u064a\u0629 ... \u0634\u0627\u0645\u0644\u0629","potentialAction":[{"@type":"SearchAction","target":{"@type":"EntryPoint","urlTemplate":"https:\/\/mco.ma\/?s={search_term_string}"},"query-input":"required name=search_term_string"}],"inLanguage":"ar"},{"@type":"Person","@id":"https:\/\/mco.ma\/#\/schema\/person\/8aee0076b9220496e683a61369a0b0e8","name":"ADMIN MCO","image":{"@type":"ImageObject","inLanguage":"ar","@id":"https:\/\/mco.ma\/#\/schema\/person\/image\/","url":"https:\/\/secure.gravatar.com\/avatar\/3f01521dc8f825244d98e8be22bf5598?s=96&d=mm&r=g","contentUrl":"https:\/\/secure.gravatar.com\/avatar\/3f01521dc8f825244d98e8be22bf5598?s=96&d=mm&r=g","caption":"ADMIN MCO"},"url":"https:\/\/mco.ma\/?author=2"}]}},"amp_enabled":true,"_links":{"self":[{"href":"https:\/\/mco.ma\/index.php?rest_route=\/wp\/v2\/posts\/3498"}],"collection":[{"href":"https:\/\/mco.ma\/index.php?rest_route=\/wp\/v2\/posts"}],"about":[{"href":"https:\/\/mco.ma\/index.php?rest_route=\/wp\/v2\/types\/post"}],"author":[{"embeddable":true,"href":"https:\/\/mco.ma\/index.php?rest_route=\/wp\/v2\/users\/2"}],"replies":[{"embeddable":true,"href":"https:\/\/mco.ma\/index.php?rest_route=%2Fwp%2Fv2%2Fcomments&post=3498"}],"version-history":[{"count":4,"href":"https:\/\/mco.ma\/index.php?rest_route=\/wp\/v2\/posts\/3498\/revisions"}],"predecessor-version":[{"id":3503,"href":"https:\/\/mco.ma\/index.php?rest_route=\/wp\/v2\/posts\/3498\/revisions\/3503"}],"wp:featuredmedia":[{"embeddable":true,"href":"https:\/\/mco.ma\/index.php?rest_route=\/wp\/v2\/media\/3499"}],"wp:attachment":[{"href":"https:\/\/mco.ma\/index.php?rest_route=%2Fwp%2Fv2%2Fmedia&parent=3498"}],"wp:term":[{"taxonomy":"category","embeddable":true,"href":"https:\/\/mco.ma\/index.php?rest_route=%2Fwp%2Fv2%2Fcategories&post=3498"},{"taxonomy":"post_tag","embeddable":true,"href":"https:\/\/mco.ma\/index.php?rest_route=%2Fwp%2Fv2%2Ftags&post=3498"}],"curies":[{"name":"wp","href":"https:\/\/api.w.org\/{rel}","templated":true}]}}