{"id":3633,"date":"2020-05-23T18:09:51","date_gmt":"2020-05-23T18:09:51","guid":{"rendered":"http:\/\/www.mco.ma\/?p=3633"},"modified":"2020-05-23T18:09:51","modified_gmt":"2020-05-23T18:09:51","slug":"covid-19-le-barcelo-hotels-group-maroc-contribue-a-lelan-de-solidarite-nationale-pour-faire-face-a-la-pandemie","status":"publish","type":"post","link":"https:\/\/mco.ma\/?p=3633","title":{"rendered":"Covid-19, Le Barcel\u00f3 Hotels Group \u2013 Maroc contribue \u00e0 l\u2019\u00e9lan de solidarit\u00e9 nationale pour faire face \u00e0 la pand\u00e9mie !"},"content":{"rendered":"<p><strong>Communiqu\u00e9 de Presse<\/strong><\/p>\n<p>Covid-19,<br \/>\nLe Barcel\u00f3 Hotels Group \u2013 Maroc contribue \u00e0 l\u2019\u00e9lan de solidarit\u00e9 nationale pour faire face \u00e0 la pand\u00e9mie !<\/p>\n<p>Casablanca &#8211; Jeudi 21 Mai 2020<\/p>\n<p>pr\u00e8s avoir mis plus de 82 chambres de l\u2019h\u00f4tel Barcel\u00f3 Casablanca \u00e0 la disposition des autorit\u00e9s marocaines pour d\u00e9sengorger les h\u00f4pitaux dans la lutte contre le covid-19, le Barcel\u00f3 Hotels Group &#8211; Maroc continue de mener des actions en tant qu\u2019entreprise citoyenne, responsable et solidaire, apportant sa pierre \u00e0 l\u2019\u00e9difice de l\u2019aide<br \/>\nnationale. En effet, le Barcel\u00f3 Anfa Casablanca participe activement \u00e0 venir en aide aux plus d\u00e9munis en cette p\u00e9riode de Ramadan.<br \/>\nEn cette situation de crise sanitaire, de nombreuses personnes manquent du minimum requis pour vivre dignement et r\u00e9sister au bouleversement \u00e9conomique de cette pand\u00e9mie. Aussi, cette p\u00e9riode particuli\u00e8re du mois sacr\u00e9 est propice aux actions de bienfaisance pour apporter soutien et r\u00e9confort aux plus d\u00e9munis. Ainsi, tous les vendredis, le Barcel\u00f3 Anfa Casablanca pr\u00e9pare 400 ftours pour les Sans Domicile Fixe (SDF), confin\u00e9s par les autorit\u00e9s dans les centres d\u2019Al-Fida et de Hay Al Mohammadi.<br \/>\nDans cet \u00e9lan d\u2019actions citoyennes, et en partenariat avec l\u2019agence conseil en communication Brand Factory, l\u2019\u00e9quipe de l\u2019h\u00f4tel Barcel\u00f3 Anfa Casablanca pr\u00e9pare et distribue gracieusement 100 plateaux repas, 3 fois par semaine, pour l\u2019association Bayti et le SAMU social Casablanca, afin d\u2019assurer le ftour tout au long de ce mois sacr\u00e9 aux sans- abris confin\u00e9s dans ces associations. Selon le top management de l\u2019h\u00f4tel, \u00ab Ces actions citoyennes, solidaires et responsables, contribuent \u00e0 att\u00e9nuer l\u2019effet du confinement et participe activement \u00e0 entrevoir des jours meilleurs pour tous \u00bb.<br \/>\nOutre ces actions solidaires pour les plus d\u00e9munis, des cours de cuisine sont organis\u00e9s et ouverts \u00e0 tous. En effet, chaque samedi, l\u2019h\u00f4tel Barcel\u00f3 Anfa Casablanca diffuse sur ces r\u00e9seaux sociaux, une capsule vid\u00e9o contenant des recettes simples et rapides \u00e0 r\u00e9aliser chez soi. Pr\u00e9par\u00e9es par le Chef Hicham, ces recettes lui permettent de partager son savoir-faire et ses conseils culinaires. Les diff\u00e9rents clients de l\u2019h\u00f4tel peuvent ainsi continuer \u00e0 savourer de chez eux, confinement exige, les bons petits plats mijot\u00e9s par le Chef.<br \/>\nAussi pour garder la forme, Mme Berrada, consultante en bien-\u00eatre au SPA de l\u2019h\u00f4tel, partage aussi des capsules Wellness contenant des astuces pour prendre soin de soi tout en restant \u00e0 la maison.<br \/>\nPar ailleurs, l\u2019h\u00f4tel remercie l\u2019ensemble des clients pour le respect des r\u00e8gles sanitaires et souhaite de tout c\u0153ur les retrouver tr\u00e8s bient\u00f4t en bonne sant\u00e9. \u00abNous nous retrouverons tr\u00e8s bient\u00f4t et nous aurons le plaisir de servir nos clients, dans les meilleures conditions de s\u00e9curit\u00e9 et en respect des recommandations Internationales des mesures d\u2019hygi\u00e8ne et de distanciation \u00bb, souligne le top management de l\u2019h\u00f4tel Barcel\u00f3 Anfa Casablanca, qui travaille activement sur l\u2019apr\u00e8s covid-19.<\/p>\n","protected":false},"excerpt":{"rendered":"<p>Communiqu\u00e9 de Presse Covid-19, Le Barcel\u00f3 Hotels Group \u2013 Maroc contribue \u00e0 l\u2019\u00e9lan de solidarit\u00e9 nationale pour faire face \u00e0 la pand\u00e9mie ! Casablanca &#8211; Jeudi 21 Mai 2020 pr\u00e8s avoir mis plus de 82 chambres de l\u2019h\u00f4tel Barcel\u00f3 Casablanca \u00e0 la disposition des autorit\u00e9s marocaines pour d\u00e9sengorger les h\u00f4pitaux dans la lutte contre le &hellip;<\/p>\n","protected":false},"author":2,"featured_media":3634,"comment_status":"open","ping_status":"open","sticky":false,"template":"","format":"standard","meta":{"_bbp_topic_count":0,"_bbp_reply_count":0,"_bbp_total_topic_count":0,"_bbp_total_reply_count":0,"_bbp_voice_count":0,"_bbp_anonymous_reply_count":0,"_bbp_topic_count_hidden":0,"_bbp_reply_count_hidden":0,"_bbp_forum_subforum_count":0,"_wp_rev_ctl_limit":""},"categories":[52,53],"tags":[],"yoast_head":"<!-- This site is optimized with the Yoast SEO plugin v19.13 - https:\/\/yoast.com\/wordpress\/plugins\/seo\/ -->\n<title>Covid-19, Le Barcel\u00f3 Hotels Group \u2013 Maroc contribue \u00e0 l\u2019\u00e9lan de solidarit\u00e9 nationale pour faire face \u00e0 la pand\u00e9mie ! - \u0645\u064a\u062f\u064a\u0627 \u0643\u0648\u0645 - \u062c\u0631\u064a\u062f\u0629 \u0625\u0644\u0643\u062a\u0631\u0648\u0646\u064a\u0629<\/title>\n<meta name=\"robots\" content=\"index, follow, max-snippet:-1, max-image-preview:large, max-video-preview:-1\" \/>\n<link rel=\"canonical\" href=\"https:\/\/mco.ma\/?p=3633\" \/>\n<meta property=\"og:locale\" content=\"ar_AR\" \/>\n<meta property=\"og:type\" content=\"article\" \/>\n<meta property=\"og:title\" content=\"Covid-19, Le Barcel\u00f3 Hotels Group \u2013 Maroc contribue \u00e0 l\u2019\u00e9lan de solidarit\u00e9 nationale pour faire face \u00e0 la pand\u00e9mie ! - \u0645\u064a\u062f\u064a\u0627 \u0643\u0648\u0645 - \u062c\u0631\u064a\u062f\u0629 \u0625\u0644\u0643\u062a\u0631\u0648\u0646\u064a\u0629\" \/>\n<meta property=\"og:description\" content=\"Communiqu\u00e9 de Presse Covid-19, Le Barcel\u00f3 Hotels Group \u2013 Maroc contribue \u00e0 l\u2019\u00e9lan de solidarit\u00e9 nationale pour faire face \u00e0 la pand\u00e9mie ! Casablanca &#8211; Jeudi 21 Mai 2020 pr\u00e8s avoir mis plus de 82 chambres de l\u2019h\u00f4tel Barcel\u00f3 Casablanca \u00e0 la disposition des autorit\u00e9s marocaines pour d\u00e9sengorger les h\u00f4pitaux dans la lutte contre le &hellip;\" \/>\n<meta property=\"og:url\" content=\"https:\/\/mco.ma\/?p=3633\" \/>\n<meta property=\"og:site_name\" content=\"\u0645\u064a\u062f\u064a\u0627 \u0643\u0648\u0645 - \u062c\u0631\u064a\u062f\u0629 \u0625\u0644\u0643\u062a\u0631\u0648\u0646\u064a\u0629\" \/>\n<meta property=\"article:published_time\" content=\"2020-05-23T18:09:51+00:00\" \/>\n<meta property=\"og:image\" content=\"https:\/\/mco.ma\/wp-content\/uploads\/2020\/05\/barcelo_casablanca.jpg\" \/>\n\t<meta property=\"og:image:width\" content=\"1200\" \/>\n\t<meta property=\"og:image:height\" content=\"800\" \/>\n\t<meta property=\"og:image:type\" content=\"image\/jpeg\" \/>\n<meta name=\"author\" content=\"ADMIN MCO\" \/>\n<meta name=\"twitter:card\" content=\"summary_large_image\" \/>\n<meta name=\"twitter:label1\" content=\"\u0643\u064f\u062a\u0628 \u0628\u0648\u0627\u0633\u0637\u0629\" \/>\n\t<meta name=\"twitter:data1\" content=\"ADMIN MCO\" \/>\n\t<meta name=\"twitter:label2\" content=\"\u0648\u0642\u062a \u0627\u0644\u0642\u0631\u0627\u0621\u0629 \u0627\u0644\u0645\u064f\u0642\u062f\u0651\u0631\" \/>\n\t<meta name=\"twitter:data2\" content=\"3 \u062f\u0642\u0627\u0626\u0642\" \/>\n<script type=\"application\/ld+json\" class=\"yoast-schema-graph\">{\"@context\":\"https:\/\/schema.org\",\"@graph\":[{\"@type\":\"WebPage\",\"@id\":\"https:\/\/mco.ma\/?p=3633\",\"url\":\"https:\/\/mco.ma\/?p=3633\",\"name\":\"Covid-19, Le Barcel\u00f3 Hotels Group \u2013 Maroc contribue \u00e0 l\u2019\u00e9lan de solidarit\u00e9 nationale pour faire face \u00e0 la pand\u00e9mie ! - \u0645\u064a\u062f\u064a\u0627 \u0643\u0648\u0645 - \u062c\u0631\u064a\u062f\u0629 \u0625\u0644\u0643\u062a\u0631\u0648\u0646\u064a\u0629\",\"isPartOf\":{\"@id\":\"https:\/\/mco.ma\/#website\"},\"datePublished\":\"2020-05-23T18:09:51+00:00\",\"dateModified\":\"2020-05-23T18:09:51+00:00\",\"author\":{\"@id\":\"https:\/\/mco.ma\/#\/schema\/person\/8aee0076b9220496e683a61369a0b0e8\"},\"breadcrumb\":{\"@id\":\"https:\/\/mco.ma\/?p=3633#breadcrumb\"},\"inLanguage\":\"ar\",\"potentialAction\":[{\"@type\":\"ReadAction\",\"target\":[\"https:\/\/mco.ma\/?p=3633\"]}]},{\"@type\":\"BreadcrumbList\",\"@id\":\"https:\/\/mco.ma\/?p=3633#breadcrumb\",\"itemListElement\":[{\"@type\":\"ListItem\",\"position\":1,\"name\":\"Home\",\"item\":\"https:\/\/mco.ma\/\"},{\"@type\":\"ListItem\",\"position\":2,\"name\":\"Covid-19, Le Barcel\u00f3 Hotels Group \u2013 Maroc contribue \u00e0 l\u2019\u00e9lan de solidarit\u00e9 nationale pour faire face \u00e0 la pand\u00e9mie !\"}]},{\"@type\":\"WebSite\",\"@id\":\"https:\/\/mco.ma\/#website\",\"url\":\"https:\/\/mco.ma\/\",\"name\":\"\u0645\u064a\u062f\u064a\u0627 \u0643\u0648\u0645 - \u062c\u0631\u064a\u062f\u0629 \u0625\u0644\u0643\u062a\u0631\u0648\u0646\u064a\u0629\",\"description\":\"\u0645\u064a\u062f\u064a\u0627 \u0643\u0648\u0645 ... \u062c\u0631\u064a\u062f\u0629 \u0625\u0644\u0643\u062a\u0631\u0648\u0646\u064a\u0629 ... \u0634\u0627\u0645\u0644\u0629\",\"potentialAction\":[{\"@type\":\"SearchAction\",\"target\":{\"@type\":\"EntryPoint\",\"urlTemplate\":\"https:\/\/mco.ma\/?s={search_term_string}\"},\"query-input\":\"required name=search_term_string\"}],\"inLanguage\":\"ar\"},{\"@type\":\"Person\",\"@id\":\"https:\/\/mco.ma\/#\/schema\/person\/8aee0076b9220496e683a61369a0b0e8\",\"name\":\"ADMIN MCO\",\"image\":{\"@type\":\"ImageObject\",\"inLanguage\":\"ar\",\"@id\":\"https:\/\/mco.ma\/#\/schema\/person\/image\/\",\"url\":\"https:\/\/secure.gravatar.com\/avatar\/3f01521dc8f825244d98e8be22bf5598?s=96&d=mm&r=g\",\"contentUrl\":\"https:\/\/secure.gravatar.com\/avatar\/3f01521dc8f825244d98e8be22bf5598?s=96&d=mm&r=g\",\"caption\":\"ADMIN MCO\"},\"url\":\"https:\/\/mco.ma\/?author=2\"}]}<\/script>\n<!-- \/ Yoast SEO plugin. -->","yoast_head_json":{"title":"Covid-19, Le Barcel\u00f3 Hotels Group \u2013 Maroc contribue \u00e0 l\u2019\u00e9lan de solidarit\u00e9 nationale pour faire face \u00e0 la pand\u00e9mie ! - \u0645\u064a\u062f\u064a\u0627 \u0643\u0648\u0645 - \u062c\u0631\u064a\u062f\u0629 \u0625\u0644\u0643\u062a\u0631\u0648\u0646\u064a\u0629","robots":{"index":"index","follow":"follow","max-snippet":"max-snippet:-1","max-image-preview":"max-image-preview:large","max-video-preview":"max-video-preview:-1"},"canonical":"https:\/\/mco.ma\/?p=3633","og_locale":"ar_AR","og_type":"article","og_title":"Covid-19, Le Barcel\u00f3 Hotels Group \u2013 Maroc contribue \u00e0 l\u2019\u00e9lan de solidarit\u00e9 nationale pour faire face \u00e0 la pand\u00e9mie ! - \u0645\u064a\u062f\u064a\u0627 \u0643\u0648\u0645 - \u062c\u0631\u064a\u062f\u0629 \u0625\u0644\u0643\u062a\u0631\u0648\u0646\u064a\u0629","og_description":"Communiqu\u00e9 de Presse Covid-19, Le Barcel\u00f3 Hotels Group \u2013 Maroc contribue \u00e0 l\u2019\u00e9lan de solidarit\u00e9 nationale pour faire face \u00e0 la pand\u00e9mie ! Casablanca &#8211; Jeudi 21 Mai 2020 pr\u00e8s avoir mis plus de 82 chambres de l\u2019h\u00f4tel Barcel\u00f3 Casablanca \u00e0 la disposition des autorit\u00e9s marocaines pour d\u00e9sengorger les h\u00f4pitaux dans la lutte contre le &hellip;","og_url":"https:\/\/mco.ma\/?p=3633","og_site_name":"\u0645\u064a\u062f\u064a\u0627 \u0643\u0648\u0645 - \u062c\u0631\u064a\u062f\u0629 \u0625\u0644\u0643\u062a\u0631\u0648\u0646\u064a\u0629","article_published_time":"2020-05-23T18:09:51+00:00","og_image":[{"width":1200,"height":800,"url":"https:\/\/mco.ma\/wp-content\/uploads\/2020\/05\/barcelo_casablanca.jpg","type":"image\/jpeg"}],"author":"ADMIN MCO","twitter_card":"summary_large_image","twitter_misc":{"\u0643\u064f\u062a\u0628 \u0628\u0648\u0627\u0633\u0637\u0629":"ADMIN MCO","\u0648\u0642\u062a \u0627\u0644\u0642\u0631\u0627\u0621\u0629 \u0627\u0644\u0645\u064f\u0642\u062f\u0651\u0631":"3 \u062f\u0642\u0627\u0626\u0642"},"schema":{"@context":"https:\/\/schema.org","@graph":[{"@type":"WebPage","@id":"https:\/\/mco.ma\/?p=3633","url":"https:\/\/mco.ma\/?p=3633","name":"Covid-19, Le Barcel\u00f3 Hotels Group \u2013 Maroc contribue \u00e0 l\u2019\u00e9lan de solidarit\u00e9 nationale pour faire face \u00e0 la pand\u00e9mie ! - \u0645\u064a\u062f\u064a\u0627 \u0643\u0648\u0645 - \u062c\u0631\u064a\u062f\u0629 \u0625\u0644\u0643\u062a\u0631\u0648\u0646\u064a\u0629","isPartOf":{"@id":"https:\/\/mco.ma\/#website"},"datePublished":"2020-05-23T18:09:51+00:00","dateModified":"2020-05-23T18:09:51+00:00","author":{"@id":"https:\/\/mco.ma\/#\/schema\/person\/8aee0076b9220496e683a61369a0b0e8"},"breadcrumb":{"@id":"https:\/\/mco.ma\/?p=3633#breadcrumb"},"inLanguage":"ar","potentialAction":[{"@type":"ReadAction","target":["https:\/\/mco.ma\/?p=3633"]}]},{"@type":"BreadcrumbList","@id":"https:\/\/mco.ma\/?p=3633#breadcrumb","itemListElement":[{"@type":"ListItem","position":1,"name":"Home","item":"https:\/\/mco.ma\/"},{"@type":"ListItem","position":2,"name":"Covid-19, Le Barcel\u00f3 Hotels Group \u2013 Maroc contribue \u00e0 l\u2019\u00e9lan de solidarit\u00e9 nationale pour faire face \u00e0 la pand\u00e9mie !"}]},{"@type":"WebSite","@id":"https:\/\/mco.ma\/#website","url":"https:\/\/mco.ma\/","name":"\u0645\u064a\u062f\u064a\u0627 \u0643\u0648\u0645 - \u062c\u0631\u064a\u062f\u0629 \u0625\u0644\u0643\u062a\u0631\u0648\u0646\u064a\u0629","description":"\u0645\u064a\u062f\u064a\u0627 \u0643\u0648\u0645 ... \u062c\u0631\u064a\u062f\u0629 \u0625\u0644\u0643\u062a\u0631\u0648\u0646\u064a\u0629 ... \u0634\u0627\u0645\u0644\u0629","potentialAction":[{"@type":"SearchAction","target":{"@type":"EntryPoint","urlTemplate":"https:\/\/mco.ma\/?s={search_term_string}"},"query-input":"required name=search_term_string"}],"inLanguage":"ar"},{"@type":"Person","@id":"https:\/\/mco.ma\/#\/schema\/person\/8aee0076b9220496e683a61369a0b0e8","name":"ADMIN MCO","image":{"@type":"ImageObject","inLanguage":"ar","@id":"https:\/\/mco.ma\/#\/schema\/person\/image\/","url":"https:\/\/secure.gravatar.com\/avatar\/3f01521dc8f825244d98e8be22bf5598?s=96&d=mm&r=g","contentUrl":"https:\/\/secure.gravatar.com\/avatar\/3f01521dc8f825244d98e8be22bf5598?s=96&d=mm&r=g","caption":"ADMIN MCO"},"url":"https:\/\/mco.ma\/?author=2"}]}},"amp_enabled":true,"_links":{"self":[{"href":"https:\/\/mco.ma\/index.php?rest_route=\/wp\/v2\/posts\/3633"}],"collection":[{"href":"https:\/\/mco.ma\/index.php?rest_route=\/wp\/v2\/posts"}],"about":[{"href":"https:\/\/mco.ma\/index.php?rest_route=\/wp\/v2\/types\/post"}],"author":[{"embeddable":true,"href":"https:\/\/mco.ma\/index.php?rest_route=\/wp\/v2\/users\/2"}],"replies":[{"embeddable":true,"href":"https:\/\/mco.ma\/index.php?rest_route=%2Fwp%2Fv2%2Fcomments&post=3633"}],"version-history":[{"count":1,"href":"https:\/\/mco.ma\/index.php?rest_route=\/wp\/v2\/posts\/3633\/revisions"}],"predecessor-version":[{"id":3635,"href":"https:\/\/mco.ma\/index.php?rest_route=\/wp\/v2\/posts\/3633\/revisions\/3635"}],"wp:featuredmedia":[{"embeddable":true,"href":"https:\/\/mco.ma\/index.php?rest_route=\/wp\/v2\/media\/3634"}],"wp:attachment":[{"href":"https:\/\/mco.ma\/index.php?rest_route=%2Fwp%2Fv2%2Fmedia&parent=3633"}],"wp:term":[{"taxonomy":"category","embeddable":true,"href":"https:\/\/mco.ma\/index.php?rest_route=%2Fwp%2Fv2%2Fcategories&post=3633"},{"taxonomy":"post_tag","embeddable":true,"href":"https:\/\/mco.ma\/index.php?rest_route=%2Fwp%2Fv2%2Ftags&post=3633"}],"curies":[{"name":"wp","href":"https:\/\/api.w.org\/{rel}","templated":true}]}}