{"id":4949,"date":"2020-09-14T21:55:46","date_gmt":"2020-09-14T20:55:46","guid":{"rendered":"http:\/\/www.mco.ma\/?p=4949"},"modified":"2020-09-14T22:02:15","modified_gmt":"2020-09-14T21:02:15","slug":"communique-de-presse-serie-de-webinaires-sur-le-theme-region-de-loriental-le-role-des-acteurs-locaux-et-regionaux-dans-la-gestion-de-la-crise-sanitaire-covid19","status":"publish","type":"post","link":"https:\/\/mco.ma\/?p=4949","title":{"rendered":"Communique de presse  Serie de Webinaires sur le theme :  Region de l\u2019oriental : Le role des acteurs locaux et regionaux dans la gestion de la crise sanitaire Covid19"},"content":{"rendered":"<p>Oujda le 11 septembre 2020<br \/>\nCommuniqu\u00e9 de presse<br \/>\nS\u00e9rie de Webinaires sur le th\u00e8me :<br \/>\nR\u00e9gion de l\u2019oriental : Le r\u00f4le des acteurs locaux et r\u00e9gionaux dans la gestion de la crise sanitaire Covid19<\/p>\n<p>Dans le cadre du projet \u00ab Appui et accompagnement au processus de participation d\u00e9mocratique dans la R\u00e9gion de l\u2019Oriental \u00bb, cofinanc\u00e9 par l\u00b4Union Europ\u00e9enne, et mis en \u0153uvre par l\u00b4Association de Coop\u00e9ration pour le D\u00e9veloppement et la Culture (ACODEC) et l\u00b4Association Mouvement pour la Paix -MPDL, en partenariat avec l\u00b4Universit\u00e9 Mohamed I d\u00b4Oujda et l\u00b4Association Tanmia.ma, une s\u00e9rie de conf\u00e9rences virtuelles (Webinaires) seront organis\u00e9es entre juillet et septembre 2020 sur l\u2019implication et la participation des acteurs locaux et r\u00e9gionaux dans la gestion de la crise sanitaire du Covid19.<\/p>\n<p>Ces webinaires ont pour objectif de lancer le d\u00e9bat avec les diff\u00e9rentes parties prenantes au niveau de la r\u00e9gion de l\u2019oriental sur les efforts d\u00e9ploy\u00e9s en mati\u00e8re de gestion de la crise sanitaire durant la p\u00e9riode du confinement ainsi que pour la p\u00e9riode post-crise surtout pour la relance \u00e9conomique et sociale.<\/p>\n<p>Les trois webinaires conna\u00eetront la participation de plusieurs acteurs \u00e9tatiques et politiques de la r\u00e9gion de l\u2019oriental, ainsi que des repr\u00e9sentants des autorit\u00e9s locales, des professeurs universitaires, des repr\u00e9sentants de la soci\u00e9t\u00e9 civile et des membres des instances consultatives cr\u00e9\u00e9s dans le cadre des m\u00e9canismes de d\u00e9mocratie participative et seront diffus\u00e9es Live sur Facebook et YouTube.<\/p>\n<p>Dans ce sens, et suite \u00e0 la r\u00e9ussite du 1er webinaire tenu en juillet dernier sur \u00ab le r\u00f4le des conseils locaux et r\u00e9gionaux dans la gestion de la crise sanitaire du Covid19 \u00bb, trois autres webinaires seront organis\u00e9s en septembre comme suit :<br \/>\nWebinaire 2 : Le r\u00f4le de la soci\u00e9t\u00e9 civile de la r\u00e9gion de l\u2019oriental dans la gestion de la crise sanitaire, le 16 Septembre 2020 \u00e0 18h00 Sur ZOOM<br \/>\nWebinaire 3 : Impact du Covid19 sur les femmes et les populations vuln\u00e9rables : Quel r\u00f4le pour les Instances de Parit\u00e9, Egalit\u00e9 des Chances et Approche Genre, le 23 Septembre 2020 \u00e0 18h00 Sur ZOOM<br \/>\nWebinaire 4 : La jeunesse face \u00e0 la crise Covid19 : D\u00e9fis, solutions et participation le 30 Septembre 2020 \u00e0 18h00 Sur ZOOM<\/p>\n<p>Dans ce cadre, nous avons le plaisir de vous inviter \u00e0 assurer la couverture m\u00e9diatique de ces webinaires. Pour y participer, veuillez remplir le lien d\u2019inscription suivant :<br \/>\nhttps:\/\/us02web.zoom.us\/meeting\/register\/tZIkd-6tqzstH9R2Id-_xARB6WU-eCgpmvMi<\/p>\n<p>Pour plus d\u2019information, veuillez contacter<br \/>\nMadame Karima Rhanem<br \/>\nExperte en politiques publiques et communication digitale, charg\u00e9e de l\u2019organisation des webinaires<br \/>\n+212 660 44 14 77<\/p>\n<p>Pi\u00e8ces Jointes : Note de cadrage et programme.<\/p>\n","protected":false},"excerpt":{"rendered":"<p>Oujda le 11 septembre 2020 Communiqu\u00e9 de presse S\u00e9rie de Webinaires sur le th\u00e8me : R\u00e9gion de l\u2019oriental : Le r\u00f4le des acteurs locaux et r\u00e9gionaux dans la gestion de la crise sanitaire Covid19 Dans le cadre du projet \u00ab Appui et accompagnement au processus de participation d\u00e9mocratique dans la R\u00e9gion de l\u2019Oriental \u00bb, cofinanc\u00e9 &hellip;<\/p>\n","protected":false},"author":2,"featured_media":4951,"comment_status":"open","ping_status":"open","sticky":false,"template":"","format":"standard","meta":{"_bbp_topic_count":0,"_bbp_reply_count":0,"_bbp_total_topic_count":0,"_bbp_total_reply_count":0,"_bbp_voice_count":0,"_bbp_anonymous_reply_count":0,"_bbp_topic_count_hidden":0,"_bbp_reply_count_hidden":0,"_bbp_forum_subforum_count":0,"_wp_rev_ctl_limit":""},"categories":[52,53],"tags":[],"yoast_head":"<!-- This site is optimized with the Yoast SEO plugin v19.13 - https:\/\/yoast.com\/wordpress\/plugins\/seo\/ -->\n<title>Communique de presse Serie de Webinaires sur le theme : Region de l\u2019oriental : Le role des acteurs locaux et regionaux dans la gestion de la crise sanitaire Covid19 - \u0645\u064a\u062f\u064a\u0627 \u0643\u0648\u0645 - \u062c\u0631\u064a\u062f\u0629 \u0625\u0644\u0643\u062a\u0631\u0648\u0646\u064a\u0629<\/title>\n<meta name=\"robots\" content=\"index, follow, max-snippet:-1, max-image-preview:large, max-video-preview:-1\" \/>\n<link rel=\"canonical\" href=\"https:\/\/mco.ma\/?p=4949\" \/>\n<meta property=\"og:locale\" content=\"ar_AR\" \/>\n<meta property=\"og:type\" content=\"article\" \/>\n<meta property=\"og:title\" content=\"Communique de presse Serie de Webinaires sur le theme : Region de l\u2019oriental : Le role des acteurs locaux et regionaux dans la gestion de la crise sanitaire Covid19 - \u0645\u064a\u062f\u064a\u0627 \u0643\u0648\u0645 - \u062c\u0631\u064a\u062f\u0629 \u0625\u0644\u0643\u062a\u0631\u0648\u0646\u064a\u0629\" \/>\n<meta property=\"og:description\" content=\"Oujda le 11 septembre 2020 Communiqu\u00e9 de presse S\u00e9rie de Webinaires sur le th\u00e8me : R\u00e9gion de l\u2019oriental : Le r\u00f4le des acteurs locaux et r\u00e9gionaux dans la gestion de la crise sanitaire Covid19 Dans le cadre du projet \u00ab Appui et accompagnement au processus de participation d\u00e9mocratique dans la R\u00e9gion de l\u2019Oriental \u00bb, cofinanc\u00e9 &hellip;\" \/>\n<meta property=\"og:url\" content=\"https:\/\/mco.ma\/?p=4949\" \/>\n<meta property=\"og:site_name\" content=\"\u0645\u064a\u062f\u064a\u0627 \u0643\u0648\u0645 - \u062c\u0631\u064a\u062f\u0629 \u0625\u0644\u0643\u062a\u0631\u0648\u0646\u064a\u0629\" \/>\n<meta property=\"article:published_time\" content=\"2020-09-14T20:55:46+00:00\" \/>\n<meta property=\"article:modified_time\" content=\"2020-09-14T21:02:15+00:00\" \/>\n<meta property=\"og:image\" content=\"https:\/\/mco.ma\/wp-content\/uploads\/2020\/09\/acodec.jpg\" \/>\n\t<meta property=\"og:image:width\" content=\"840\" \/>\n\t<meta property=\"og:image:height\" content=\"435\" \/>\n\t<meta property=\"og:image:type\" content=\"image\/jpeg\" \/>\n<meta name=\"author\" content=\"ADMIN MCO\" \/>\n<meta name=\"twitter:card\" content=\"summary_large_image\" \/>\n<meta name=\"twitter:label1\" content=\"\u0643\u064f\u062a\u0628 \u0628\u0648\u0627\u0633\u0637\u0629\" \/>\n\t<meta name=\"twitter:data1\" content=\"ADMIN MCO\" \/>\n\t<meta name=\"twitter:label2\" content=\"\u0648\u0642\u062a \u0627\u0644\u0642\u0631\u0627\u0621\u0629 \u0627\u0644\u0645\u064f\u0642\u062f\u0651\u0631\" \/>\n\t<meta name=\"twitter:data2\" content=\"\u062f\u0642\u064a\u0642\u062a\u0627\u0646\" \/>\n<script type=\"application\/ld+json\" class=\"yoast-schema-graph\">{\"@context\":\"https:\/\/schema.org\",\"@graph\":[{\"@type\":\"WebPage\",\"@id\":\"https:\/\/mco.ma\/?p=4949\",\"url\":\"https:\/\/mco.ma\/?p=4949\",\"name\":\"Communique de presse Serie de Webinaires sur le theme : Region de l\u2019oriental : Le role des acteurs locaux et regionaux dans la gestion de la crise sanitaire Covid19 - \u0645\u064a\u062f\u064a\u0627 \u0643\u0648\u0645 - \u062c\u0631\u064a\u062f\u0629 \u0625\u0644\u0643\u062a\u0631\u0648\u0646\u064a\u0629\",\"isPartOf\":{\"@id\":\"https:\/\/mco.ma\/#website\"},\"datePublished\":\"2020-09-14T20:55:46+00:00\",\"dateModified\":\"2020-09-14T21:02:15+00:00\",\"author\":{\"@id\":\"https:\/\/mco.ma\/#\/schema\/person\/8aee0076b9220496e683a61369a0b0e8\"},\"breadcrumb\":{\"@id\":\"https:\/\/mco.ma\/?p=4949#breadcrumb\"},\"inLanguage\":\"ar\",\"potentialAction\":[{\"@type\":\"ReadAction\",\"target\":[\"https:\/\/mco.ma\/?p=4949\"]}]},{\"@type\":\"BreadcrumbList\",\"@id\":\"https:\/\/mco.ma\/?p=4949#breadcrumb\",\"itemListElement\":[{\"@type\":\"ListItem\",\"position\":1,\"name\":\"Home\",\"item\":\"https:\/\/mco.ma\/\"},{\"@type\":\"ListItem\",\"position\":2,\"name\":\"Communique de presse Serie de Webinaires sur le theme : Region de l\u2019oriental : Le role des acteurs locaux et regionaux dans la gestion de la crise sanitaire Covid19\"}]},{\"@type\":\"WebSite\",\"@id\":\"https:\/\/mco.ma\/#website\",\"url\":\"https:\/\/mco.ma\/\",\"name\":\"\u0645\u064a\u062f\u064a\u0627 \u0643\u0648\u0645 - \u062c\u0631\u064a\u062f\u0629 \u0625\u0644\u0643\u062a\u0631\u0648\u0646\u064a\u0629\",\"description\":\"\u0645\u064a\u062f\u064a\u0627 \u0643\u0648\u0645 ... \u062c\u0631\u064a\u062f\u0629 \u0625\u0644\u0643\u062a\u0631\u0648\u0646\u064a\u0629 ... \u0634\u0627\u0645\u0644\u0629\",\"potentialAction\":[{\"@type\":\"SearchAction\",\"target\":{\"@type\":\"EntryPoint\",\"urlTemplate\":\"https:\/\/mco.ma\/?s={search_term_string}\"},\"query-input\":\"required name=search_term_string\"}],\"inLanguage\":\"ar\"},{\"@type\":\"Person\",\"@id\":\"https:\/\/mco.ma\/#\/schema\/person\/8aee0076b9220496e683a61369a0b0e8\",\"name\":\"ADMIN MCO\",\"image\":{\"@type\":\"ImageObject\",\"inLanguage\":\"ar\",\"@id\":\"https:\/\/mco.ma\/#\/schema\/person\/image\/\",\"url\":\"https:\/\/secure.gravatar.com\/avatar\/3f01521dc8f825244d98e8be22bf5598?s=96&d=mm&r=g\",\"contentUrl\":\"https:\/\/secure.gravatar.com\/avatar\/3f01521dc8f825244d98e8be22bf5598?s=96&d=mm&r=g\",\"caption\":\"ADMIN MCO\"},\"url\":\"https:\/\/mco.ma\/?author=2\"}]}<\/script>\n<!-- \/ Yoast SEO plugin. -->","yoast_head_json":{"title":"Communique de presse Serie de Webinaires sur le theme : Region de l\u2019oriental : Le role des acteurs locaux et regionaux dans la gestion de la crise sanitaire Covid19 - \u0645\u064a\u062f\u064a\u0627 \u0643\u0648\u0645 - \u062c\u0631\u064a\u062f\u0629 \u0625\u0644\u0643\u062a\u0631\u0648\u0646\u064a\u0629","robots":{"index":"index","follow":"follow","max-snippet":"max-snippet:-1","max-image-preview":"max-image-preview:large","max-video-preview":"max-video-preview:-1"},"canonical":"https:\/\/mco.ma\/?p=4949","og_locale":"ar_AR","og_type":"article","og_title":"Communique de presse Serie de Webinaires sur le theme : Region de l\u2019oriental : Le role des acteurs locaux et regionaux dans la gestion de la crise sanitaire Covid19 - \u0645\u064a\u062f\u064a\u0627 \u0643\u0648\u0645 - \u062c\u0631\u064a\u062f\u0629 \u0625\u0644\u0643\u062a\u0631\u0648\u0646\u064a\u0629","og_description":"Oujda le 11 septembre 2020 Communiqu\u00e9 de presse S\u00e9rie de Webinaires sur le th\u00e8me : R\u00e9gion de l\u2019oriental : Le r\u00f4le des acteurs locaux et r\u00e9gionaux dans la gestion de la crise sanitaire Covid19 Dans le cadre du projet \u00ab Appui et accompagnement au processus de participation d\u00e9mocratique dans la R\u00e9gion de l\u2019Oriental \u00bb, cofinanc\u00e9 &hellip;","og_url":"https:\/\/mco.ma\/?p=4949","og_site_name":"\u0645\u064a\u062f\u064a\u0627 \u0643\u0648\u0645 - \u062c\u0631\u064a\u062f\u0629 \u0625\u0644\u0643\u062a\u0631\u0648\u0646\u064a\u0629","article_published_time":"2020-09-14T20:55:46+00:00","article_modified_time":"2020-09-14T21:02:15+00:00","og_image":[{"width":840,"height":435,"url":"https:\/\/mco.ma\/wp-content\/uploads\/2020\/09\/acodec.jpg","type":"image\/jpeg"}],"author":"ADMIN MCO","twitter_card":"summary_large_image","twitter_misc":{"\u0643\u064f\u062a\u0628 \u0628\u0648\u0627\u0633\u0637\u0629":"ADMIN MCO","\u0648\u0642\u062a \u0627\u0644\u0642\u0631\u0627\u0621\u0629 \u0627\u0644\u0645\u064f\u0642\u062f\u0651\u0631":"\u062f\u0642\u064a\u0642\u062a\u0627\u0646"},"schema":{"@context":"https:\/\/schema.org","@graph":[{"@type":"WebPage","@id":"https:\/\/mco.ma\/?p=4949","url":"https:\/\/mco.ma\/?p=4949","name":"Communique de presse Serie de Webinaires sur le theme : Region de l\u2019oriental : Le role des acteurs locaux et regionaux dans la gestion de la crise sanitaire Covid19 - \u0645\u064a\u062f\u064a\u0627 \u0643\u0648\u0645 - \u062c\u0631\u064a\u062f\u0629 \u0625\u0644\u0643\u062a\u0631\u0648\u0646\u064a\u0629","isPartOf":{"@id":"https:\/\/mco.ma\/#website"},"datePublished":"2020-09-14T20:55:46+00:00","dateModified":"2020-09-14T21:02:15+00:00","author":{"@id":"https:\/\/mco.ma\/#\/schema\/person\/8aee0076b9220496e683a61369a0b0e8"},"breadcrumb":{"@id":"https:\/\/mco.ma\/?p=4949#breadcrumb"},"inLanguage":"ar","potentialAction":[{"@type":"ReadAction","target":["https:\/\/mco.ma\/?p=4949"]}]},{"@type":"BreadcrumbList","@id":"https:\/\/mco.ma\/?p=4949#breadcrumb","itemListElement":[{"@type":"ListItem","position":1,"name":"Home","item":"https:\/\/mco.ma\/"},{"@type":"ListItem","position":2,"name":"Communique de presse Serie de Webinaires sur le theme : Region de l\u2019oriental : Le role des acteurs locaux et regionaux dans la gestion de la crise sanitaire Covid19"}]},{"@type":"WebSite","@id":"https:\/\/mco.ma\/#website","url":"https:\/\/mco.ma\/","name":"\u0645\u064a\u062f\u064a\u0627 \u0643\u0648\u0645 - \u062c\u0631\u064a\u062f\u0629 \u0625\u0644\u0643\u062a\u0631\u0648\u0646\u064a\u0629","description":"\u0645\u064a\u062f\u064a\u0627 \u0643\u0648\u0645 ... \u062c\u0631\u064a\u062f\u0629 \u0625\u0644\u0643\u062a\u0631\u0648\u0646\u064a\u0629 ... \u0634\u0627\u0645\u0644\u0629","potentialAction":[{"@type":"SearchAction","target":{"@type":"EntryPoint","urlTemplate":"https:\/\/mco.ma\/?s={search_term_string}"},"query-input":"required name=search_term_string"}],"inLanguage":"ar"},{"@type":"Person","@id":"https:\/\/mco.ma\/#\/schema\/person\/8aee0076b9220496e683a61369a0b0e8","name":"ADMIN MCO","image":{"@type":"ImageObject","inLanguage":"ar","@id":"https:\/\/mco.ma\/#\/schema\/person\/image\/","url":"https:\/\/secure.gravatar.com\/avatar\/3f01521dc8f825244d98e8be22bf5598?s=96&d=mm&r=g","contentUrl":"https:\/\/secure.gravatar.com\/avatar\/3f01521dc8f825244d98e8be22bf5598?s=96&d=mm&r=g","caption":"ADMIN MCO"},"url":"https:\/\/mco.ma\/?author=2"}]}},"amp_enabled":true,"_links":{"self":[{"href":"https:\/\/mco.ma\/index.php?rest_route=\/wp\/v2\/posts\/4949"}],"collection":[{"href":"https:\/\/mco.ma\/index.php?rest_route=\/wp\/v2\/posts"}],"about":[{"href":"https:\/\/mco.ma\/index.php?rest_route=\/wp\/v2\/types\/post"}],"author":[{"embeddable":true,"href":"https:\/\/mco.ma\/index.php?rest_route=\/wp\/v2\/users\/2"}],"replies":[{"embeddable":true,"href":"https:\/\/mco.ma\/index.php?rest_route=%2Fwp%2Fv2%2Fcomments&post=4949"}],"version-history":[{"count":3,"href":"https:\/\/mco.ma\/index.php?rest_route=\/wp\/v2\/posts\/4949\/revisions"}],"predecessor-version":[{"id":4958,"href":"https:\/\/mco.ma\/index.php?rest_route=\/wp\/v2\/posts\/4949\/revisions\/4958"}],"wp:featuredmedia":[{"embeddable":true,"href":"https:\/\/mco.ma\/index.php?rest_route=\/wp\/v2\/media\/4951"}],"wp:attachment":[{"href":"https:\/\/mco.ma\/index.php?rest_route=%2Fwp%2Fv2%2Fmedia&parent=4949"}],"wp:term":[{"taxonomy":"category","embeddable":true,"href":"https:\/\/mco.ma\/index.php?rest_route=%2Fwp%2Fv2%2Fcategories&post=4949"},{"taxonomy":"post_tag","embeddable":true,"href":"https:\/\/mco.ma\/index.php?rest_route=%2Fwp%2Fv2%2Ftags&post=4949"}],"curies":[{"name":"wp","href":"https:\/\/api.w.org\/{rel}","templated":true}]}}